{"id":2065,"date":"2020-12-22T13:56:01","date_gmt":"2020-12-22T12:56:01","guid":{"rendered":"https:\/\/utulek.ostrava.cz\/?p=2065"},"modified":"2020-12-22T13:56:02","modified_gmt":"2020-12-22T12:56:02","slug":"prejeme-vam-spoustu-radostnych-chvil-prozitych-v-prijemne-atmosfere-vanoc-a-uspesny-vstup-do-noveho-roku-2021","status":"publish","type":"post","link":"https:\/\/utulek.ostrava.cz\/index.php\/prejeme-vam-spoustu-radostnych-chvil-prozitych-v-prijemne-atmosfere-vanoc-a-uspesny-vstup-do-noveho-roku-2021\/","title":{"rendered":"P\u0159ejeme V\u00e1m spoustu radostn\u00fdch chvil pro\u017eit\u00fdch v p\u0159\u00edjemn\u00e9 atmosf\u00e9\u0159e V\u00e1noc a \u00fasp\u011b\u0161n\u00fd vstup do Nov\u00e9ho roku 2021"},"content":{"rendered":"\n<p>Z\u00e1rove\u0148 chceme vyj\u00e1d\u0159it tis\u00edcer\u00e9 d\u00edky v\u0161em, kte\u0159\u00ed p\u0159ich\u00e1z\u00edte k na\u0161emu v\u00e1no\u010dn\u00edmu strome\u010dku s pln\u00fdmi n\u00e1ru\u010demi laskominek a pot\u0159eb pro opu\u0161t\u011bn\u00e9 ps\u00ed kamar\u00e1dy. Rostou n\u00e1m tu, den co den p\u0159ed o\u010dima, kom\u00edny konzervi\u010dek, kapsi\u010dek, krabic pi\u0161kotk\u016f, pamlsk\u016f, \u017ev\u00fdkac\u00edch kost\u00ed, su\u0161en\u00fdch mas\u00ed\u010dek&#8230;&#8230;&#8230;hromady dek, aby chlup\u00e1\u010d\u016fm nebyla zima&#8230;&#8230;&#8230;&#8230;pel\u00ed\u0161ky, obojky, vod\u00edtka, k\u0161\u00edrky, oble\u010dky, hra\u010dky, balonky, kosmetika&#8230;..prost\u011b v\u0161e&#8230;.. A za to V\u00e1m, lidem s dobr\u00fdm srd\u00ed\u010dkem,  D \u011a K U J E M E&#8230;..<\/p>\n\n\n\n<figure class=\"wp-block-image size-large\"><img loading=\"lazy\" decoding=\"async\" width=\"768\" height=\"1024\" src=\"https:\/\/utulek.ostrava.cz\/wp-content\/uploads\/2020\/12\/dik-2-768x1024.jpg\" alt=\"\" class=\"wp-image-2066\" srcset=\"https:\/\/utulek.ostrava.cz\/wp-content\/uploads\/2020\/12\/dik-2-768x1024.jpg 768w, https:\/\/utulek.ostrava.cz\/wp-content\/uploads\/2020\/12\/dik-2-225x300.jpg 225w, https:\/\/utulek.ostrava.cz\/wp-content\/uploads\/2020\/12\/dik-2-1152x1536.jpg 1152w, https:\/\/utulek.ostrava.cz\/wp-content\/uploads\/2020\/12\/dik-2-1537x2048.jpg 1537w, https:\/\/utulek.ostrava.cz\/wp-content\/uploads\/2020\/12\/dik-2-scaled.jpg 1921w\" sizes=\"auto, (max-width: 768px) 100vw, 768px\" \/><\/figure>\n\n\n\n<figure class=\"wp-block-image size-large\"><img loading=\"lazy\" decoding=\"async\" width=\"1024\" height=\"768\" src=\"https:\/\/utulek.ostrava.cz\/wp-content\/uploads\/2020\/12\/dik-3-1024x768.jpg\" alt=\"\" class=\"wp-image-2067\" srcset=\"https:\/\/utulek.ostrava.cz\/wp-content\/uploads\/2020\/12\/dik-3-1024x768.jpg 1024w, https:\/\/utulek.ostrava.cz\/wp-content\/uploads\/2020\/12\/dik-3-300x225.jpg 300w, https:\/\/utulek.ostrava.cz\/wp-content\/uploads\/2020\/12\/dik-3-768x576.jpg 768w, https:\/\/utulek.ostrava.cz\/wp-content\/uploads\/2020\/12\/dik-3-1536x1152.jpg 1536w, https:\/\/utulek.ostrava.cz\/wp-content\/uploads\/2020\/12\/dik-3-2048x1536.jpg 2048w\" sizes=\"auto, (max-width: 1024px) 100vw, 1024px\" \/><\/figure>\n","protected":false},"excerpt":{"rendered":"<p>Z\u00e1rove\u0148 chceme vyj\u00e1d\u0159it tis\u00edcer\u00e9 d\u00edky v\u0161em, kte\u0159\u00ed p\u0159ich\u00e1z\u00edte k na\u0161emu v\u00e1no\u010dn\u00edmu strome\u010dku s pln\u00fdmi n\u00e1ru\u010demi laskominek a pot\u0159eb pro opu\u0161t\u011bn\u00e9 ps\u00ed kamar\u00e1dy. Rostou n\u00e1m tu, [&hellip;]<\/p>\n","protected":false},"author":4,"featured_media":2068,"comment_status":"closed","ping_status":"closed","sticky":false,"template":"","format":"standard","meta":{"_acf_changed":false,"footnotes":""},"categories":[7],"tags":[],"class_list":["post-2065","post","type-post","status-publish","format-standard","has-post-thumbnail","hentry","category-aktuality"],"acf":[],"_links":{"self":[{"href":"https:\/\/utulek.ostrava.cz\/index.php\/wp-json\/wp\/v2\/posts\/2065","targetHints":{"allow":["GET"]}}],"collection":[{"href":"https:\/\/utulek.ostrava.cz\/index.php\/wp-json\/wp\/v2\/posts"}],"about":[{"href":"https:\/\/utulek.ostrava.cz\/index.php\/wp-json\/wp\/v2\/types\/post"}],"author":[{"embeddable":true,"href":"https:\/\/utulek.ostrava.cz\/index.php\/wp-json\/wp\/v2\/users\/4"}],"replies":[{"embeddable":true,"href":"https:\/\/utulek.ostrava.cz\/index.php\/wp-json\/wp\/v2\/comments?post=2065"}],"version-history":[{"count":1,"href":"https:\/\/utulek.ostrava.cz\/index.php\/wp-json\/wp\/v2\/posts\/2065\/revisions"}],"predecessor-version":[{"id":2069,"href":"https:\/\/utulek.ostrava.cz\/index.php\/wp-json\/wp\/v2\/posts\/2065\/revisions\/2069"}],"wp:featuredmedia":[{"embeddable":true,"href":"https:\/\/utulek.ostrava.cz\/index.php\/wp-json\/wp\/v2\/media\/2068"}],"wp:attachment":[{"href":"https:\/\/utulek.ostrava.cz\/index.php\/wp-json\/wp\/v2\/media?parent=2065"}],"wp:term":[{"taxonomy":"category","embeddable":true,"href":"https:\/\/utulek.ostrava.cz\/index.php\/wp-json\/wp\/v2\/categories?post=2065"},{"taxonomy":"post_tag","embeddable":true,"href":"https:\/\/utulek.ostrava.cz\/index.php\/wp-json\/wp\/v2\/tags?post=2065"}],"curies":[{"name":"wp","href":"https:\/\/api.w.org\/{rel}","templated":true}]}}