{"id":2727,"date":"2021-08-11T11:43:09","date_gmt":"2021-08-11T09:43:09","guid":{"rendered":"https:\/\/utulek.ostrava.cz\/?p=2727"},"modified":"2021-08-23T08:56:40","modified_gmt":"2021-08-23T06:56:40","slug":"xxi-rocnik-setkani-opatrovniku-utulkovych-pejsku-se-blizi-4-9-2021","status":"publish","type":"post","link":"https:\/\/utulek.ostrava.cz\/index.php\/xxi-rocnik-setkani-opatrovniku-utulkovych-pejsku-se-blizi-4-9-2021\/","title":{"rendered":"XXI. ro\u010dn\u00edk setk\u00e1n\u00ed opatrovn\u00edk\u016f \u00fatulkov\u00fdch pejsk\u016f se bl\u00ed\u017e\u00ed (4. 9. 2021)"},"content":{"rendered":"\n<p>Tak n\u00e1m to u\u017e snad kone\u010dn\u011b vyjde :-). Den, na kter\u00fd se spousta lidi\u010dek i pejsk\u016f ji\u017e dlouho t\u011b\u0161\u00ed a p\u0159ipravuje&#8230;den, kter\u00fd v mysli mnoha z n\u00e1s zanech\u00e1v\u00e1 spoustu kr\u00e1sn\u00fdch vzpom\u00ednek.<\/p>\n\n\n\n<p>V\u0161ichni, kdo si chcete se sv\u00fdm \u00fatulk\u00e1\u010dkem zasout\u011b\u017eit a p\u0159edv\u00e9st n\u00e1m, co v\u0161echno jste se spole\u010dn\u011b nau\u010dili a jak jste zkr\u00e1sn\u011bli, nev\u00e1hejte a co nejd\u0159\u00edve se n\u00e1m ozv\u011bte na tel. 599 455 191, a\u0165 spolu vypln\u00edme p\u0159ihl\u00e1\u0161ku.<\/p>\n\n\n\n<p>V pr\u016fb\u011bhu srpna zve\u0159ejn\u00edme aktu\u00e1ln\u00ed let\u00e1\u010dek s podrobn\u011bj\u0161\u00edmi informacemi.<\/p>\n\n\n\n<p>V\u0161e bude prob\u00edhat za p\u0159edpokladu dodr\u017een\u00ed podm\u00ednek platn\u00fdch v dan\u00e9m obdob\u00ed (ochrann\u00e1 vl\u00e1dn\u00ed opat\u0159en\u00ed). <\/p>\n\n\n\n<p><\/p>\n","protected":false},"excerpt":{"rendered":"<p>Tak n\u00e1m to u\u017e snad kone\u010dn\u011b vyjde :-). Den, na kter\u00fd se spousta lidi\u010dek i pejsk\u016f ji\u017e dlouho t\u011b\u0161\u00ed a p\u0159ipravuje&#8230;den, kter\u00fd v mysli mnoha [&hellip;]<\/p>\n","protected":false},"author":4,"featured_media":2755,"comment_status":"closed","ping_status":"closed","sticky":false,"template":"","format":"standard","meta":{"_acf_changed":false,"footnotes":""},"categories":[7],"tags":[],"class_list":["post-2727","post","type-post","status-publish","format-standard","has-post-thumbnail","hentry","category-aktuality"],"acf":[],"_links":{"self":[{"href":"https:\/\/utulek.ostrava.cz\/index.php\/wp-json\/wp\/v2\/posts\/2727","targetHints":{"allow":["GET"]}}],"collection":[{"href":"https:\/\/utulek.ostrava.cz\/index.php\/wp-json\/wp\/v2\/posts"}],"about":[{"href":"https:\/\/utulek.ostrava.cz\/index.php\/wp-json\/wp\/v2\/types\/post"}],"author":[{"embeddable":true,"href":"https:\/\/utulek.ostrava.cz\/index.php\/wp-json\/wp\/v2\/users\/4"}],"replies":[{"embeddable":true,"href":"https:\/\/utulek.ostrava.cz\/index.php\/wp-json\/wp\/v2\/comments?post=2727"}],"version-history":[{"count":1,"href":"https:\/\/utulek.ostrava.cz\/index.php\/wp-json\/wp\/v2\/posts\/2727\/revisions"}],"predecessor-version":[{"id":2728,"href":"https:\/\/utulek.ostrava.cz\/index.php\/wp-json\/wp\/v2\/posts\/2727\/revisions\/2728"}],"wp:featuredmedia":[{"embeddable":true,"href":"https:\/\/utulek.ostrava.cz\/index.php\/wp-json\/wp\/v2\/media\/2755"}],"wp:attachment":[{"href":"https:\/\/utulek.ostrava.cz\/index.php\/wp-json\/wp\/v2\/media?parent=2727"}],"wp:term":[{"taxonomy":"category","embeddable":true,"href":"https:\/\/utulek.ostrava.cz\/index.php\/wp-json\/wp\/v2\/categories?post=2727"},{"taxonomy":"post_tag","embeddable":true,"href":"https:\/\/utulek.ostrava.cz\/index.php\/wp-json\/wp\/v2\/tags?post=2727"}],"curies":[{"name":"wp","href":"https:\/\/api.w.org\/{rel}","templated":true}]}}