{"id":3200,"date":"2022-01-05T16:15:41","date_gmt":"2022-01-05T15:15:41","guid":{"rendered":"https:\/\/utulek.ostrava.cz\/?p=3200"},"modified":"2022-01-05T16:15:42","modified_gmt":"2022-01-05T15:15:42","slug":"podekovani-darcum","status":"publish","type":"post","link":"https:\/\/utulek.ostrava.cz\/index.php\/podekovani-darcum\/","title":{"rendered":"Pod\u011bkov\u00e1n\u00ed d\u00e1rc\u016fm"},"content":{"rendered":"\n<p>Jm\u00e9nem provozovatele \u00fatulku pro psy v Ostrav\u011b-T\u0159ebovic\u00edch bychom cht\u011bli pod\u011bkovat v\u0161em d\u00e1rc\u016fm, kte\u0159\u00ed v lo\u0148sk\u00e9m roce darovali pejsk\u016fm v \u00fatulku v\u011bcn\u00e9 a finan\u010dn\u00ed dary. Velice si v\u00e1\u017e\u00edme v\u0161ech, kte\u0159\u00ed t\u00edmto na \u010dty\u0159noh\u00e9 kamar\u00e1dy takto mysl\u00ed a pot\u011b\u0161\u00ed je.<\/p>\n\n\n\n<p>P\u0159ejeme V\u00e1m v nov\u00e9m roce hodn\u011b \u00fasp\u011bch\u016f, pevn\u00e9 zdrav\u00ed a tak\u00e9 mnoho radostn\u00fdch dn\u016f, nejen se sv\u00fdmi mazl\u00ed\u010dky.<\/p>\n\n\n\n<p><\/p>\n\n\n\n<p>Ing. Bc. Pavel Valeri\u00e1n, Ph.D., MBA,                                                               <\/p>\n\n\n\n<p>vedouc\u00ed odboru ochrany \u017eivotn\u00edho prost\u0159ed\u00ed<\/p>\n","protected":false},"excerpt":{"rendered":"<p>Jm\u00e9nem provozovatele \u00fatulku pro psy v Ostrav\u011b-T\u0159ebovic\u00edch bychom cht\u011bli pod\u011bkovat v\u0161em d\u00e1rc\u016fm, kte\u0159\u00ed v lo\u0148sk\u00e9m roce darovali pejsk\u016fm v \u00fatulku v\u011bcn\u00e9 a finan\u010dn\u00ed dary. Velice [&hellip;]<\/p>\n","protected":false},"author":9,"featured_media":0,"comment_status":"closed","ping_status":"closed","sticky":false,"template":"","format":"standard","meta":{"_acf_changed":false,"footnotes":""},"categories":[7],"tags":[],"class_list":["post-3200","post","type-post","status-publish","format-standard","hentry","category-aktuality"],"acf":[],"_links":{"self":[{"href":"https:\/\/utulek.ostrava.cz\/index.php\/wp-json\/wp\/v2\/posts\/3200","targetHints":{"allow":["GET"]}}],"collection":[{"href":"https:\/\/utulek.ostrava.cz\/index.php\/wp-json\/wp\/v2\/posts"}],"about":[{"href":"https:\/\/utulek.ostrava.cz\/index.php\/wp-json\/wp\/v2\/types\/post"}],"author":[{"embeddable":true,"href":"https:\/\/utulek.ostrava.cz\/index.php\/wp-json\/wp\/v2\/users\/9"}],"replies":[{"embeddable":true,"href":"https:\/\/utulek.ostrava.cz\/index.php\/wp-json\/wp\/v2\/comments?post=3200"}],"version-history":[{"count":1,"href":"https:\/\/utulek.ostrava.cz\/index.php\/wp-json\/wp\/v2\/posts\/3200\/revisions"}],"predecessor-version":[{"id":3201,"href":"https:\/\/utulek.ostrava.cz\/index.php\/wp-json\/wp\/v2\/posts\/3200\/revisions\/3201"}],"wp:attachment":[{"href":"https:\/\/utulek.ostrava.cz\/index.php\/wp-json\/wp\/v2\/media?parent=3200"}],"wp:term":[{"taxonomy":"category","embeddable":true,"href":"https:\/\/utulek.ostrava.cz\/index.php\/wp-json\/wp\/v2\/categories?post=3200"},{"taxonomy":"post_tag","embeddable":true,"href":"https:\/\/utulek.ostrava.cz\/index.php\/wp-json\/wp\/v2\/tags?post=3200"}],"curies":[{"name":"wp","href":"https:\/\/api.w.org\/{rel}","templated":true}]}}