{"id":3808,"date":"2022-06-24T15:42:07","date_gmt":"2022-06-24T13:42:07","guid":{"rendered":"https:\/\/utulek.ostrava.cz\/?p=3808"},"modified":"2022-06-24T15:43:13","modified_gmt":"2022-06-24T13:43:13","slug":"navsteva-zs-porubska","status":"publish","type":"post","link":"https:\/\/utulek.ostrava.cz\/index.php\/navsteva-zs-porubska\/","title":{"rendered":"N\u00e1v\u0161t\u011bva Z\u0160 Porubsk\u00e1"},"content":{"rendered":"\n<p>V p\u00e1tek 24. 6. 2022 n\u00e1s nav\u0161t\u00edvili \u017e\u00e1\u010dci 1.C ze z\u00e1kladn\u00ed \u0161koly Porubsk\u00e1 832 s p. u\u010ditelkou Mgr. \u0160\u00e1rkou Bury\u0161ovou a doprovodem p. Kamilou Pavelkovou. Donesli pejsk\u016fm spoustu pi\u0161kotk\u016f, kter\u00e9 nakoupili a osobn\u011b n\u00e1m p\u0159edali.<\/p>\n\n\n\n<p>V\u0161ichni m\u011bli mo\u017enost se sezn\u00e1mit, jak n\u00e1\u0161 \u00fatulek funguje &#8211; jak se zde pejsci dostanou, kde bydl\u00ed a sp\u00ed, jak se o n\u011b o\u0161et\u0159ovatel\u00e9 a pan doktor staraj\u00ed, jak se umis\u0165uj\u00ed do nov\u00fdch rodin, tak\u00e9 se pro\u0161li kolem kotc\u016f. Velmi je tak\u00e9 zaj\u00edmaly klece v odchytov\u00e9m vozidle :-). Nejv\u00edce jsme se v\u0161ak d\u011btem zavd\u011b\u010dili t\u00edm, kdy\u017e si mohly na cvi\u010d\u00e1ku pohr\u00e1t a pob\u011bhat s na\u0161\u00ed fene\u010dkou Jogobelou.<\/p>\n\n\n\n<p>V\u0161em se n\u00e1v\u0161t\u011bva \u00fatulku l\u00edbila, d\u011bti se dozv\u011bd\u011bly a vid\u011bly spoustu nov\u00fdch v\u011bc\u00ed, odch\u00e1zely spokojen\u00e9 a ka\u017ed\u00fd si na pam\u00e1tku odnesl mal\u00fd d\u00e1re\u010dek&#8230;..a my d\u011bkujeme za milou n\u00e1v\u0161t\u011bvu&#8230;<\/p>\n\n\n\n<p><\/p>\n\n\n\n<figure class=\"wp-block-image size-large\"><img loading=\"lazy\" decoding=\"async\" width=\"1024\" height=\"783\" src=\"https:\/\/utulek.ostrava.cz\/wp-content\/uploads\/2022\/06\/ZS-1-1-1024x783.jpg\" alt=\"\" class=\"wp-image-3810\" srcset=\"https:\/\/utulek.ostrava.cz\/wp-content\/uploads\/2022\/06\/ZS-1-1-1024x783.jpg 1024w, https:\/\/utulek.ostrava.cz\/wp-content\/uploads\/2022\/06\/ZS-1-1-300x229.jpg 300w, https:\/\/utulek.ostrava.cz\/wp-content\/uploads\/2022\/06\/ZS-1-1-768x587.jpg 768w, https:\/\/utulek.ostrava.cz\/wp-content\/uploads\/2022\/06\/ZS-1-1-1536x1174.jpg 1536w, https:\/\/utulek.ostrava.cz\/wp-content\/uploads\/2022\/06\/ZS-1-1-2048x1566.jpg 2048w\" sizes=\"auto, (max-width: 1024px) 100vw, 1024px\" \/><\/figure>\n\n\n\n<figure class=\"wp-block-image size-large\"><img loading=\"lazy\" decoding=\"async\" width=\"1024\" height=\"768\" src=\"https:\/\/utulek.ostrava.cz\/wp-content\/uploads\/2022\/06\/foto-2-1024x768.jpg\" alt=\"\" class=\"wp-image-3811\" srcset=\"https:\/\/utulek.ostrava.cz\/wp-content\/uploads\/2022\/06\/foto-2-1024x768.jpg 1024w, https:\/\/utulek.ostrava.cz\/wp-content\/uploads\/2022\/06\/foto-2-300x225.jpg 300w, https:\/\/utulek.ostrava.cz\/wp-content\/uploads\/2022\/06\/foto-2-768x576.jpg 768w, https:\/\/utulek.ostrava.cz\/wp-content\/uploads\/2022\/06\/foto-2-1536x1152.jpg 1536w, https:\/\/utulek.ostrava.cz\/wp-content\/uploads\/2022\/06\/foto-2-2048x1536.jpg 2048w\" sizes=\"auto, (max-width: 1024px) 100vw, 1024px\" \/><\/figure>\n","protected":false},"excerpt":{"rendered":"<p>V p\u00e1tek 24. 6. 2022 n\u00e1s nav\u0161t\u00edvili \u017e\u00e1\u010dci 1.C ze z\u00e1kladn\u00ed \u0161koly Porubsk\u00e1 832 s p. u\u010ditelkou Mgr. \u0160\u00e1rkou Bury\u0161ovou a doprovodem p. Kamilou Pavelkovou. [&hellip;]<\/p>\n","protected":false},"author":4,"featured_media":3811,"comment_status":"closed","ping_status":"closed","sticky":false,"template":"","format":"standard","meta":{"_acf_changed":false,"footnotes":""},"categories":[7,9],"tags":[],"class_list":["post-3808","post","type-post","status-publish","format-standard","has-post-thumbnail","hentry","category-aktuality","category-pro-skupiny"],"acf":[],"_links":{"self":[{"href":"https:\/\/utulek.ostrava.cz\/index.php\/wp-json\/wp\/v2\/posts\/3808","targetHints":{"allow":["GET"]}}],"collection":[{"href":"https:\/\/utulek.ostrava.cz\/index.php\/wp-json\/wp\/v2\/posts"}],"about":[{"href":"https:\/\/utulek.ostrava.cz\/index.php\/wp-json\/wp\/v2\/types\/post"}],"author":[{"embeddable":true,"href":"https:\/\/utulek.ostrava.cz\/index.php\/wp-json\/wp\/v2\/users\/4"}],"replies":[{"embeddable":true,"href":"https:\/\/utulek.ostrava.cz\/index.php\/wp-json\/wp\/v2\/comments?post=3808"}],"version-history":[{"count":1,"href":"https:\/\/utulek.ostrava.cz\/index.php\/wp-json\/wp\/v2\/posts\/3808\/revisions"}],"predecessor-version":[{"id":3812,"href":"https:\/\/utulek.ostrava.cz\/index.php\/wp-json\/wp\/v2\/posts\/3808\/revisions\/3812"}],"wp:featuredmedia":[{"embeddable":true,"href":"https:\/\/utulek.ostrava.cz\/index.php\/wp-json\/wp\/v2\/media\/3811"}],"wp:attachment":[{"href":"https:\/\/utulek.ostrava.cz\/index.php\/wp-json\/wp\/v2\/media?parent=3808"}],"wp:term":[{"taxonomy":"category","embeddable":true,"href":"https:\/\/utulek.ostrava.cz\/index.php\/wp-json\/wp\/v2\/categories?post=3808"},{"taxonomy":"post_tag","embeddable":true,"href":"https:\/\/utulek.ostrava.cz\/index.php\/wp-json\/wp\/v2\/tags?post=3808"}],"curies":[{"name":"wp","href":"https:\/\/api.w.org\/{rel}","templated":true}]}}