{"id":4738,"date":"2023-05-22T12:13:19","date_gmt":"2023-05-22T10:13:19","guid":{"rendered":"https:\/\/utulek.ostrava.cz\/?p=4738"},"modified":"2023-05-22T13:45:05","modified_gmt":"2023-05-22T11:45:05","slug":"xxlll-rocnik-setkani-opatrovniku-utulkovych-pejsku","status":"publish","type":"post","link":"https:\/\/utulek.ostrava.cz\/index.php\/xxlll-rocnik-setkani-opatrovniku-utulkovych-pejsku\/","title":{"rendered":"XXIII. ro\u010dn\u00edk Setk\u00e1n\u00ed opatrovn\u00edk\u016f \u00fatulkov\u00fdch pejsk\u016f"},"content":{"rendered":"\n<p>Dovolujeme si V\u00e1s srde\u010dn\u011b pozvat na tradi\u010dn\u00ed a velmi obl\u00edben\u00fd, ji\u017e XXIII. ro\u010dn\u00edk &#8222;<img loading=\"lazy\" decoding=\"async\" height=\"16\" width=\"16\" alt=\"\ud83d\udc3e\" src=\"https:\/\/static.xx.fbcdn.net\/images\/emoji.php\/v9\/tde\/1\/16\/1f43e.png\">Setk\u00e1n\u00ed opatrovn\u00edk\u016f \u00fatulkov\u00fdch pejsk\u016f<img loading=\"lazy\" decoding=\"async\" height=\"16\" width=\"16\" alt=\"\ud83d\udc3e\" src=\"https:\/\/static.xx.fbcdn.net\/images\/emoji.php\/v9\/tde\/1\/16\/1f43e.png\">&#8222;, kter\u00fd se uskute\u010dn\u00ed v ned\u011bli 11. \u010dervna 2023 od 8:30 do 13:00 hodin.<\/p>\n\n\n\n<p>\u010cek\u00e1 n\u00e1s op\u011bt Den otev\u0159en\u00fdch dve\u0159\u00ed pln\u00fd sout\u011b\u017e\u00ed, z\u00e1bavy, legrace a skv\u011bl\u00fdch cen.<\/p>\n\n\n\n<p>&#8230;a chcete prozradit v \u010dem budeme sout\u011b\u017eit?<\/p>\n\n\n\n<p>Tak se p\u0159ipravte a vyberte discipl\u00edny, kter\u00e9 zajist\u00e9 se sv\u00fdm mazl\u00ed\u010dkem zvl\u00e1dnete:<\/p>\n\n\n\n<p><img loading=\"lazy\" decoding=\"async\" height=\"16\" width=\"16\" alt=\"\ud83d\udc3e\" src=\"https:\/\/static.xx.fbcdn.net\/images\/emoji.php\/v9\/tde\/1\/16\/1f43e.png\"> Nejlep\u0161\u00ed maska p\u00e1na a psa<\/p>\n\n\n\n<p><img loading=\"lazy\" decoding=\"async\" height=\"16\" width=\"16\" alt=\"\ud83d\udc3e\" src=\"https:\/\/static.xx.fbcdn.net\/images\/emoji.php\/v9\/tde\/1\/16\/1f43e.png\"> Najdi si svou odm\u011bnu<\/p>\n\n\n\n<p><img loading=\"lazy\" decoding=\"async\" height=\"16\" width=\"16\" alt=\"\ud83d\udc3e\" src=\"https:\/\/static.xx.fbcdn.net\/images\/emoji.php\/v9\/tde\/1\/16\/1f43e.png\"> Nejbyst\u0159ej\u0161\u00ed chlup\u00e1\u010d<\/p>\n\n\n\n<p><img loading=\"lazy\" decoding=\"async\" height=\"16\" width=\"16\" alt=\"\ud83d\udc3e\" src=\"https:\/\/static.xx.fbcdn.net\/images\/emoji.php\/v9\/tde\/1\/16\/1f43e.png\"> \u00datulkov\u00fd \u0161ikula<\/p>\n\n\n\n<p><img loading=\"lazy\" decoding=\"async\" height=\"16\" width=\"16\" alt=\"\ud83d\udc3e\" src=\"https:\/\/static.xx.fbcdn.net\/images\/emoji.php\/v9\/tde\/1\/16\/1f43e.png\"> Stezka state\u010dn\u00fdch<\/p>\n\n\n\n<p>Tak se nev\u00e1hejte p\u0159ihl\u00e1sit na t.\u010d. 599 455 191, osobn\u011b v \u00fatulku nebo p\u0159\u00edpadn\u00ed opozdilci, se mohou p\u0159ihl\u00e1sit v den setk\u00e1n\u00ed, do napln\u011bn\u00ed kapacity sout\u011b\u017e\u00edc\u00edch. T\u011b\u0161\u00edme se na V\u00e1s <img loading=\"lazy\" decoding=\"async\" height=\"16\" width=\"16\" alt=\"\ud83d\udc36\" src=\"https:\/\/static.xx.fbcdn.net\/images\/emoji.php\/v9\/t2f\/1\/16\/1f436.png\"><img loading=\"lazy\" decoding=\"async\" height=\"16\" width=\"16\" alt=\"\ud83d\udc15\u200d\ud83e\uddba\" src=\"https:\/\/static.xx.fbcdn.net\/images\/emoji.php\/v9\/t3b\/1\/16\/1f415_200d_1f9ba.png\"><img loading=\"lazy\" decoding=\"async\" height=\"16\" width=\"16\" alt=\"\ud83d\udc3e\" src=\"https:\/\/static.xx.fbcdn.net\/images\/emoji.php\/v9\/tde\/1\/16\/1f43e.png\"><\/p>\n\n\n\n<figure class=\"wp-block-image size-large\"><img loading=\"lazy\" decoding=\"async\" width=\"716\" height=\"1024\" src=\"https:\/\/utulek.ostrava.cz\/wp-content\/uploads\/2023\/05\/set-716x1024.jpg\" alt=\"\" class=\"wp-image-4739\" srcset=\"https:\/\/utulek.ostrava.cz\/wp-content\/uploads\/2023\/05\/set-716x1024.jpg 716w, https:\/\/utulek.ostrava.cz\/wp-content\/uploads\/2023\/05\/set-210x300.jpg 210w, https:\/\/utulek.ostrava.cz\/wp-content\/uploads\/2023\/05\/set-768x1098.jpg 768w, https:\/\/utulek.ostrava.cz\/wp-content\/uploads\/2023\/05\/set.jpg 787w\" sizes=\"auto, (max-width: 716px) 100vw, 716px\" \/><\/figure>\n","protected":false},"excerpt":{"rendered":"<p>Dovolujeme si V\u00e1s srde\u010dn\u011b pozvat na tradi\u010dn\u00ed a velmi obl\u00edben\u00fd, ji\u017e XXIII. ro\u010dn\u00edk &#8222;Setk\u00e1n\u00ed opatrovn\u00edk\u016f \u00fatulkov\u00fdch pejsk\u016f&#8222;, kter\u00fd se uskute\u010dn\u00ed v ned\u011bli 11. \u010dervna 2023 [&hellip;]<\/p>\n","protected":false},"author":4,"featured_media":4739,"comment_status":"closed","ping_status":"closed","sticky":false,"template":"","format":"standard","meta":{"_acf_changed":false,"footnotes":""},"categories":[7,8],"tags":[],"class_list":["post-4738","post","type-post","status-publish","format-standard","has-post-thumbnail","hentry","category-aktuality","category-pro-verejnost"],"acf":[],"_links":{"self":[{"href":"https:\/\/utulek.ostrava.cz\/index.php\/wp-json\/wp\/v2\/posts\/4738","targetHints":{"allow":["GET"]}}],"collection":[{"href":"https:\/\/utulek.ostrava.cz\/index.php\/wp-json\/wp\/v2\/posts"}],"about":[{"href":"https:\/\/utulek.ostrava.cz\/index.php\/wp-json\/wp\/v2\/types\/post"}],"author":[{"embeddable":true,"href":"https:\/\/utulek.ostrava.cz\/index.php\/wp-json\/wp\/v2\/users\/4"}],"replies":[{"embeddable":true,"href":"https:\/\/utulek.ostrava.cz\/index.php\/wp-json\/wp\/v2\/comments?post=4738"}],"version-history":[{"count":2,"href":"https:\/\/utulek.ostrava.cz\/index.php\/wp-json\/wp\/v2\/posts\/4738\/revisions"}],"predecessor-version":[{"id":4741,"href":"https:\/\/utulek.ostrava.cz\/index.php\/wp-json\/wp\/v2\/posts\/4738\/revisions\/4741"}],"wp:featuredmedia":[{"embeddable":true,"href":"https:\/\/utulek.ostrava.cz\/index.php\/wp-json\/wp\/v2\/media\/4739"}],"wp:attachment":[{"href":"https:\/\/utulek.ostrava.cz\/index.php\/wp-json\/wp\/v2\/media?parent=4738"}],"wp:term":[{"taxonomy":"category","embeddable":true,"href":"https:\/\/utulek.ostrava.cz\/index.php\/wp-json\/wp\/v2\/categories?post=4738"},{"taxonomy":"post_tag","embeddable":true,"href":"https:\/\/utulek.ostrava.cz\/index.php\/wp-json\/wp\/v2\/tags?post=4738"}],"curies":[{"name":"wp","href":"https:\/\/api.w.org\/{rel}","templated":true}]}}