{"id":5363,"date":"2023-12-09T15:43:38","date_gmt":"2023-12-09T14:43:38","guid":{"rendered":"https:\/\/utulek.ostrava.cz\/?p=5363"},"modified":"2023-12-09T15:43:38","modified_gmt":"2023-12-09T14:43:38","slug":"vas-pes-a-zimni-mesice","status":"publish","type":"post","link":"https:\/\/utulek.ostrava.cz\/index.php\/vas-pes-a-zimni-mesice\/","title":{"rendered":"V\u00e1\u0161 pes a zimn\u00ed m\u011bs\u00edce"},"content":{"rendered":"\n<p>Mraziv\u00e9 po\u010das\u00ed je zejm\u00e9na pro psa, kter\u00fd \u017eije ve vyt\u00e1p\u011bn\u00e9m byt\u011b, opravdu n\u00e1ro\u010dn\u00e9. P\u0159esto\u017ee m\u00e1 ko\u017eich, nemus\u00ed mu v\u017edycky sta\u010dit.&nbsp;<strong>Aby v\u00e1\u0161 pes na proch\u00e1zce nenastydl<\/strong>, dbejte na<strong>&nbsp;p\u00e1r z\u00e1kladn\u00edch pravidel<\/strong>:<\/p>\n\n\n\n<ul class=\"wp-block-list\">\n<li><strong>p\u0159ed proch\u00e1zkou nat\u0159\u00edt\u00a0packy vazel\u00ednou<\/strong><\/li>\n\n\n\n<li><strong>umo\u017enit psovi dostatek pohybu<\/strong>, p\u0159i kter\u00e9m se zah\u0159eje<\/li>\n\n\n\n<li><strong>kvalitn\u00ed nepromokav\u00fd ps\u00ed oble\u010dek<\/strong>&nbsp;\u2013 a to hlavn\u011b pro pejsky kr\u00e1tkosrst\u00e9&nbsp; nebo \u00fapln\u00e9 nah\u00e1\u010de,<\/li>\n\n\n\n<li><strong>ven\u010dit rad\u011bji na tr\u00e1v\u011b<\/strong>, aby se citliv\u00e9 pol\u0161t\u00e1\u0159ky vyhnuly osolen\u00fdm chodn\u00edk\u016fm,<\/li>\n\n\n\n<li><strong>krat\u0161\u00ed proch\u00e1zku se \u0161t\u011b\u0148aty<\/strong>&nbsp;\u2013 je\u0161t\u011b toti\u017e nemaj\u00ed vyvinutou plnohodnotnou srst a jsou na nachlazen\u00ed n\u00e1chyln\u011bj\u0161\u00ed,<\/li>\n\n\n\n<li><strong>po proch\u00e1zce usu\u0161it ko\u017e\u00ed\u0161ek<\/strong><\/li>\n<\/ul>\n\n\n\n<p>&nbsp;<strong>Jak spr\u00e1vn\u011b pe\u010dovat o ps\u00ed tlapky v zim\u011b<\/strong><\/p>\n\n\n\n<ul class=\"wp-block-list\">\n<li>Po p\u0159\u00edchodu z proch\u00e1zky packy&nbsp;<strong>opatrn\u011b omyjte ve vla\u017en\u00e9 vod\u011b \u2013 nikdy ne v&nbsp;hork\u00e9<\/strong>!<\/li>\n\n\n\n<li>Paci\u010dky proma\u010dkejte v ru\u010dn\u00edku a osu\u0161te.<\/li>\n\n\n\n<li><strong>Vet\u0159ete vazel\u00ednu nebo speci\u00e1ln\u00ed balz\u00e1m do k\u016f\u017ee mezi prsty<\/strong>, ale i na samotn\u00e9 pol\u0161t\u00e1\u0159ky, a jemn\u011b promas\u00edrujte.<\/li>\n\n\n\n<li>Pokud u\u017e se objev\u00ed praskliny na pol\u0161t\u00e1\u0159c\u00edch, opl\u00e1chn\u011bte r\u00e1nu betadinov\u00fdm roztokem nebo mast\u00ed.<\/li>\n\n\n\n<li><strong>Nedovolte pejskovi, aby si packy po o\u0161et\u0159en\u00ed l\u00edzal<\/strong>.<strong><\/strong><\/li>\n<\/ul>\n\n\n\n<p><strong>Nadm\u011brn\u00e9 vystaven\u00ed chladu je pro psy stejn\u011b nebezpe\u010dn\u00e9 jako pro \u010dlov\u011bka, <\/strong>&nbsp;proto je d\u016fle\u017eit\u00e9 p\u0159i teplot\u00e1ch pod bodem mrazu&nbsp;<strong>omezit<\/strong>&nbsp;jejich&nbsp;<strong>pobyt venku<\/strong>.<\/p>\n\n\n\n<p><strong>Je d\u016fle\u017eit\u00e9 neust\u00e1le v\u011bnovat pozornost tomu, zda nen\u00ed va\u0161emu pejskovi zima<\/strong>. I p\u0159es chlupat\u00fd ko\u017eich m\u016f\u017ee pes trp\u011bt \u017eivot ohro\u017euj\u00edc\u00edmi pot\u00ed\u017eemi, jako je podchlazen\u00ed a omrzliny, pokud z\u016fstane p\u0159\u00edli\u0161 dlouho v chladu. Mezi\u00a0<strong>\u010dast\u00e9 p\u0159\u00edznaky<\/strong>, kter\u00e9 nazna\u010duj\u00ed, \u017ee v\u00e1\u0161 pes m\u016f\u017ee trp\u011bt podchlazen\u00edm, pat\u0159\u00ed\u00a0<strong>t\u0159es, apati\u010dnost a omrzliny<\/strong>.<\/p>\n\n\n\n<p><strong>Venkovn\u00ed bouda<\/strong><\/p>\n\n\n\n<p>D\u016fle\u017eit\u00e9 je tepl\u00e9 a kvalitn\u00ed z\u00e1zem\u00ed. Bouda by m\u011bla b\u00fdt<strong>&nbsp;velk\u00e1 tak, aby se v n\u00ed mohl chlup\u00e1\u010d sto\u010dit do klub\u00ed\u010dka<\/strong>&nbsp;a udr\u017eovat si tak sv\u00e9 vlastn\u00ed teplo. D\u016fle\u017eit\u00e9 je tak\u00e9&nbsp;<strong>dobr\u00e9 zateplen\u00ed a izolace <\/strong>\u2013&nbsp; ide\u00e1ln\u011b vystlat boudu sl\u00e1mou a teplou dekou a&nbsp;<strong>z\u00e1v\u011bs do vchodu boudy<\/strong>, aby tam pejskovi nefoukalo a nenasn\u011b\u017eilo.<\/p>\n\n\n\n<p>Ve velk\u00fdch mrazech umo\u017en\u011bte pejskovi p\u0159\u00edstup nap\u0159. do gar\u00e1\u017ee, chodby nebo hospod\u00e1\u0159sk\u00e9 budovy, aby m\u011bl mo\u017enost se zah\u0159\u00e1t.<\/p>\n\n\n\n<ul class=\"wp-block-list\">\n<li><strong>Krmen\u00ed venkovn\u00edho psa<\/strong>\u00a0\u2013 psi chovan\u00ed venku maj\u00ed mnohem v\u011bt\u0161\u00ed spot\u0159ebu energie, a to hlavn\u011b v zim\u011b. \u010cerpaj\u00ed ji zejm\u00e9na na udr\u017een\u00ed termoregulace. A tak je pot\u0159eba\u00a0<strong>dop\u0159\u00e1t jim vy\u0161\u0161\u00ed krmnou d\u00e1vku<\/strong>\u00a0nebo<strong>\u00a0zvolit vhodn\u011bj\u0161\u00ed\u00a0granule <\/strong>s vy\u0161\u0161\u00ed energetickou hodnotou.<\/li>\n<\/ul>\n\n\n\n<p>Ve v\u011bt\u0161\u00edch mrazech&nbsp;<strong>nezapom\u00ednejte kontrolovat jednou za 2 hodiny misku s vodou<\/strong>, kter\u00e1 \u010dasto zamrz\u00e1.<\/p>\n\n\n\n<figure class=\"wp-block-image size-full\"><img loading=\"lazy\" decoding=\"async\" width=\"850\" height=\"526\" src=\"https:\/\/utulek.ostrava.cz\/wp-content\/uploads\/2023\/12\/pes-v-zime.jpg\" alt=\"\" class=\"wp-image-5364\" srcset=\"https:\/\/utulek.ostrava.cz\/wp-content\/uploads\/2023\/12\/pes-v-zime.jpg 850w, https:\/\/utulek.ostrava.cz\/wp-content\/uploads\/2023\/12\/pes-v-zime-300x186.jpg 300w, https:\/\/utulek.ostrava.cz\/wp-content\/uploads\/2023\/12\/pes-v-zime-768x475.jpg 768w\" sizes=\"auto, (max-width: 850px) 100vw, 850px\" \/><\/figure>\n","protected":false},"excerpt":{"rendered":"<p>Mraziv\u00e9 po\u010das\u00ed je zejm\u00e9na pro psa, kter\u00fd \u017eije ve vyt\u00e1p\u011bn\u00e9m byt\u011b, opravdu n\u00e1ro\u010dn\u00e9. P\u0159esto\u017ee m\u00e1 ko\u017eich, nemus\u00ed mu v\u017edycky sta\u010dit.&nbsp;Aby v\u00e1\u0161 pes na proch\u00e1zce nenastydl, [&hellip;]<\/p>\n","protected":false},"author":4,"featured_media":5364,"comment_status":"closed","ping_status":"closed","sticky":false,"template":"","format":"standard","meta":{"_acf_changed":false,"footnotes":""},"categories":[7],"tags":[],"class_list":["post-5363","post","type-post","status-publish","format-standard","has-post-thumbnail","hentry","category-aktuality"],"acf":[],"_links":{"self":[{"href":"https:\/\/utulek.ostrava.cz\/index.php\/wp-json\/wp\/v2\/posts\/5363","targetHints":{"allow":["GET"]}}],"collection":[{"href":"https:\/\/utulek.ostrava.cz\/index.php\/wp-json\/wp\/v2\/posts"}],"about":[{"href":"https:\/\/utulek.ostrava.cz\/index.php\/wp-json\/wp\/v2\/types\/post"}],"author":[{"embeddable":true,"href":"https:\/\/utulek.ostrava.cz\/index.php\/wp-json\/wp\/v2\/users\/4"}],"replies":[{"embeddable":true,"href":"https:\/\/utulek.ostrava.cz\/index.php\/wp-json\/wp\/v2\/comments?post=5363"}],"version-history":[{"count":1,"href":"https:\/\/utulek.ostrava.cz\/index.php\/wp-json\/wp\/v2\/posts\/5363\/revisions"}],"predecessor-version":[{"id":5365,"href":"https:\/\/utulek.ostrava.cz\/index.php\/wp-json\/wp\/v2\/posts\/5363\/revisions\/5365"}],"wp:featuredmedia":[{"embeddable":true,"href":"https:\/\/utulek.ostrava.cz\/index.php\/wp-json\/wp\/v2\/media\/5364"}],"wp:attachment":[{"href":"https:\/\/utulek.ostrava.cz\/index.php\/wp-json\/wp\/v2\/media?parent=5363"}],"wp:term":[{"taxonomy":"category","embeddable":true,"href":"https:\/\/utulek.ostrava.cz\/index.php\/wp-json\/wp\/v2\/categories?post=5363"},{"taxonomy":"post_tag","embeddable":true,"href":"https:\/\/utulek.ostrava.cz\/index.php\/wp-json\/wp\/v2\/tags?post=5363"}],"curies":[{"name":"wp","href":"https:\/\/api.w.org\/{rel}","templated":true}]}}