{"id":6173,"date":"2024-10-23T12:25:09","date_gmt":"2024-10-23T10:25:09","guid":{"rendered":"https:\/\/utulek.ostrava.cz\/?p=6173"},"modified":"2024-10-23T12:33:55","modified_gmt":"2024-10-23T10:33:55","slug":"informace-k-aktualnimu-provozu-utulku-a-venceni-pejsku","status":"publish","type":"post","link":"https:\/\/utulek.ostrava.cz\/index.php\/informace-k-aktualnimu-provozu-utulku-a-venceni-pejsku\/","title":{"rendered":"Informace k aktu\u00e1ln\u00edmu provozu \u00fatulku a ven\u010den\u00ed pejsk\u016f."},"content":{"rendered":"\n<p>V tuto chv\u00edli je \u010d\u00e1ste\u010dn\u011b n\u00e1\u0161 \u00fatulek zprovozn\u011bn, kdy n\u00e1m elekt\u0159inu dod\u00e1v\u00e1 HZS prost\u0159ednictv\u00edm velk\u00e9 elektrocentr\u00e1ly, za co\u017e hasi\u010d\u016fm velmi d\u011bkujeme. Je\u0161t\u011b n\u00e1s v\u0161ak \u010dek\u00e1 mnoho pr\u00e1ce, ne\u017e se dostaneme k pln\u00e9mu a bezprobl\u00e9mov\u00e9mu provozu. V\u0161ichni pejsci v \u00fatulku jsou zve\u0159ejn\u011bni na na\u0161ich webov\u00fdch str\u00e1nk\u00e1ch a pejsky vyd\u00e1v\u00e1me do p\u00e9\u010de nov\u00fdm opatrovn\u00edk\u016fm \u010di majitel\u016fm.<\/p>\n\n\n\n<p><br>Imunita na\u0161ich sv\u011b\u0159enc\u016f nen\u00ed je\u0161t\u011b dostate\u010dn\u011b siln\u00e1 a provoz omezen pouze na dod\u00e1v\u00e1n\u00ed elekt\u0159iny (ne tepla). Nejsme tedy nyn\u00ed schopni jim zajistit dostate\u010dn\u00fd komfort p\u0159i p\u0159\u00edpadn\u00e9m l\u00e9\u010den\u00ed bakteri\u00e1ln\u00edch \u010di virov\u00fdch infekc\u00ed, kdy by naru\u0161en\u00ed jejich zdravotn\u00edho stavu p\u0159ineslo \u0159adu komplikac\u00ed. Z tohoto d\u016fvodu m\u00e1me prozat\u00edm pozastaveno ven\u010den\u00ed.<\/p>\n\n\n\n<p><br>D\u011bkujeme V\u00e1m v\u0161em za pochopen\u00ed, v\u011b\u0159\u00edme, \u017ee brzy budeme fungovat i s ven\u010den\u00edm.<\/p>\n\n\n\n<figure class=\"wp-block-image size-large\"><img loading=\"lazy\" decoding=\"async\" width=\"1024\" height=\"1024\" src=\"https:\/\/utulek.ostrava.cz\/wp-content\/uploads\/2024\/10\/fotoddd-3-1024x1024.jpg\" alt=\"\" class=\"wp-image-6175\" srcset=\"https:\/\/utulek.ostrava.cz\/wp-content\/uploads\/2024\/10\/fotoddd-3-1024x1024.jpg 1024w, https:\/\/utulek.ostrava.cz\/wp-content\/uploads\/2024\/10\/fotoddd-3-300x300.jpg 300w, https:\/\/utulek.ostrava.cz\/wp-content\/uploads\/2024\/10\/fotoddd-3-150x150.jpg 150w, https:\/\/utulek.ostrava.cz\/wp-content\/uploads\/2024\/10\/fotoddd-3-768x768.jpg 768w, https:\/\/utulek.ostrava.cz\/wp-content\/uploads\/2024\/10\/fotoddd-3-1536x1536.jpg 1536w, https:\/\/utulek.ostrava.cz\/wp-content\/uploads\/2024\/10\/fotoddd-3.jpg 1599w\" sizes=\"auto, (max-width: 1024px) 100vw, 1024px\" \/><\/figure>\n","protected":false},"excerpt":{"rendered":"<p>V tuto chv\u00edli je \u010d\u00e1ste\u010dn\u011b n\u00e1\u0161 \u00fatulek zprovozn\u011bn, kdy n\u00e1m elekt\u0159inu dod\u00e1v\u00e1 HZS prost\u0159ednictv\u00edm velk\u00e9 elektrocentr\u00e1ly, za co\u017e hasi\u010d\u016fm velmi d\u011bkujeme. Je\u0161t\u011b n\u00e1s v\u0161ak \u010dek\u00e1 [&hellip;]<\/p>\n","protected":false},"author":9,"featured_media":6175,"comment_status":"closed","ping_status":"closed","sticky":false,"template":"","format":"standard","meta":{"_acf_changed":false,"footnotes":""},"categories":[7],"tags":[],"class_list":["post-6173","post","type-post","status-publish","format-standard","has-post-thumbnail","hentry","category-aktuality"],"acf":[],"_links":{"self":[{"href":"https:\/\/utulek.ostrava.cz\/index.php\/wp-json\/wp\/v2\/posts\/6173","targetHints":{"allow":["GET"]}}],"collection":[{"href":"https:\/\/utulek.ostrava.cz\/index.php\/wp-json\/wp\/v2\/posts"}],"about":[{"href":"https:\/\/utulek.ostrava.cz\/index.php\/wp-json\/wp\/v2\/types\/post"}],"author":[{"embeddable":true,"href":"https:\/\/utulek.ostrava.cz\/index.php\/wp-json\/wp\/v2\/users\/9"}],"replies":[{"embeddable":true,"href":"https:\/\/utulek.ostrava.cz\/index.php\/wp-json\/wp\/v2\/comments?post=6173"}],"version-history":[{"count":2,"href":"https:\/\/utulek.ostrava.cz\/index.php\/wp-json\/wp\/v2\/posts\/6173\/revisions"}],"predecessor-version":[{"id":6176,"href":"https:\/\/utulek.ostrava.cz\/index.php\/wp-json\/wp\/v2\/posts\/6173\/revisions\/6176"}],"wp:featuredmedia":[{"embeddable":true,"href":"https:\/\/utulek.ostrava.cz\/index.php\/wp-json\/wp\/v2\/media\/6175"}],"wp:attachment":[{"href":"https:\/\/utulek.ostrava.cz\/index.php\/wp-json\/wp\/v2\/media?parent=6173"}],"wp:term":[{"taxonomy":"category","embeddable":true,"href":"https:\/\/utulek.ostrava.cz\/index.php\/wp-json\/wp\/v2\/categories?post=6173"},{"taxonomy":"post_tag","embeddable":true,"href":"https:\/\/utulek.ostrava.cz\/index.php\/wp-json\/wp\/v2\/tags?post=6173"}],"curies":[{"name":"wp","href":"https:\/\/api.w.org\/{rel}","templated":true}]}}