{"id":6225,"date":"2024-11-18T10:10:17","date_gmt":"2024-11-18T09:10:17","guid":{"rendered":"https:\/\/utulek.ostrava.cz\/?p=6225"},"modified":"2025-08-26T12:32:37","modified_gmt":"2025-08-26T10:32:37","slug":"venceni-utulkovych-pejsku","status":"publish","type":"post","link":"https:\/\/utulek.ostrava.cz\/index.php\/venceni-utulkovych-pejsku\/","title":{"rendered":"Ven\u010den\u00ed \u00fatulkov\u00fdch pejsk\u016f"},"content":{"rendered":"\n<p>Obnovujeme ven\u010den\u00ed na\u0161ich pejsk\u016f. Ven\u010den\u00ed bude prob\u00edhat ve dnech \u00fater\u00fd a sobota od 13:30 do 16:00, prvn\u00ed ven\u010den\u00ed prob\u011bhne v \u00fater\u00fd 19. 11. 2024. Pro ven\u010den\u00ed je omezen po\u010det ps\u016f, tak\u017ee kdo d\u0159\u00edv p\u0159ijde, ten d\u0159\u00edv ven\u010d\u00ed <img loading=\"lazy\" decoding=\"async\" height=\"16\" width=\"16\" src=\"https:\/\/static.xx.fbcdn.net\/images\/emoji.php\/v9\/t7f\/1\/16\/1f60a.png\" alt=\"\ud83d\ude0a\">. Ven\u010den\u00ed se bude uzp\u016fsobovat klimatick\u00fdm podm\u00ednk\u00e1m (tzn. p\u0159i siln\u00e9m, prudk\u00e9m de\u0161ti nebo sn\u011b\u017een\u00ed, p\u0159i teplot\u00e1ch hrani\u010dn\u00edch a klesaj\u00edc\u00edch pod &#8211; 5 \u00b0C a p\u0159i teplot\u00e1ch hrani\u010dn\u00edch a vy\u0161\u0161\u00edch ne\u017e +26 \u00b0C  ven\u010den\u00ed nebude prob\u00edhat, proto se p\u0159edem rad\u011bji informujte na tel. \u010d. 599 455 191). Ven\u010d\u00edc\u00ed osoba mus\u00ed b\u00fdt star\u0161\u00ed 18 let, nutn\u00fd OP. Vratn\u00e1 z\u00e1loha je 200,-K\u010d v hotovosti.<\/p>\n\n\n\n<p><\/p>\n","protected":false},"excerpt":{"rendered":"<p>Obnovujeme ven\u010den\u00ed na\u0161ich pejsk\u016f. Ven\u010den\u00ed bude prob\u00edhat ve dnech \u00fater\u00fd a sobota od 13:30 do 16:00, prvn\u00ed ven\u010den\u00ed prob\u011bhne v \u00fater\u00fd 19. 11. 2024. Pro [&hellip;]<\/p>\n","protected":false},"author":4,"featured_media":0,"comment_status":"closed","ping_status":"closed","sticky":false,"template":"","format":"standard","meta":{"_acf_changed":false,"footnotes":""},"categories":[7,8],"tags":[],"class_list":["post-6225","post","type-post","status-publish","format-standard","hentry","category-aktuality","category-pro-verejnost"],"acf":[],"_links":{"self":[{"href":"https:\/\/utulek.ostrava.cz\/index.php\/wp-json\/wp\/v2\/posts\/6225","targetHints":{"allow":["GET"]}}],"collection":[{"href":"https:\/\/utulek.ostrava.cz\/index.php\/wp-json\/wp\/v2\/posts"}],"about":[{"href":"https:\/\/utulek.ostrava.cz\/index.php\/wp-json\/wp\/v2\/types\/post"}],"author":[{"embeddable":true,"href":"https:\/\/utulek.ostrava.cz\/index.php\/wp-json\/wp\/v2\/users\/4"}],"replies":[{"embeddable":true,"href":"https:\/\/utulek.ostrava.cz\/index.php\/wp-json\/wp\/v2\/comments?post=6225"}],"version-history":[{"count":2,"href":"https:\/\/utulek.ostrava.cz\/index.php\/wp-json\/wp\/v2\/posts\/6225\/revisions"}],"predecessor-version":[{"id":6810,"href":"https:\/\/utulek.ostrava.cz\/index.php\/wp-json\/wp\/v2\/posts\/6225\/revisions\/6810"}],"wp:attachment":[{"href":"https:\/\/utulek.ostrava.cz\/index.php\/wp-json\/wp\/v2\/media?parent=6225"}],"wp:term":[{"taxonomy":"category","embeddable":true,"href":"https:\/\/utulek.ostrava.cz\/index.php\/wp-json\/wp\/v2\/categories?post=6225"},{"taxonomy":"post_tag","embeddable":true,"href":"https:\/\/utulek.ostrava.cz\/index.php\/wp-json\/wp\/v2\/tags?post=6225"}],"curies":[{"name":"wp","href":"https:\/\/api.w.org\/{rel}","templated":true}]}}