{"id":6849,"date":"2025-09-11T12:25:45","date_gmt":"2025-09-11T10:25:45","guid":{"rendered":"https:\/\/utulek.ostrava.cz\/?p=6849"},"modified":"2025-09-11T12:25:45","modified_gmt":"2025-09-11T10:25:45","slug":"utulek-mesta-ostravy-na-bambifestu-2025","status":"publish","type":"post","link":"https:\/\/utulek.ostrava.cz\/index.php\/utulek-mesta-ostravy-na-bambifestu-2025\/","title":{"rendered":"\u00datulek m\u011bsta Ostravy na BAMBIFESTu 2025!"},"content":{"rendered":"\n<p><br>Srde\u010dn\u011b V\u00e1s zveme na 27. ro\u010dn\u00edk BAMBIFESTu \u2013 jedine\u010dn\u00e9 p\u0159ehl\u00eddky organizac\u00ed pracuj\u00edc\u00edch s d\u011btmi a ml\u00e1de\u017e\u00ed!<\/p>\n\n\n\n<p>\ud83d\udccd Louka u Starob\u011blsk\u00e9 koliby, Ostrava<br>\ud83d\udcc5 Sobota 13. 9. (10\u201318 hod) &amp; Ned\u011ble 14. 9. (10\u201317 hod)<br>\ud83c\udf9f Vstup zdarma<\/p>\n\n\n\n<p>V na\u0161em st\u00e1nku se dozv\u00edte, jak to chod\u00ed v \u00fatulku, jak se star\u00e1me o opu\u0161t\u011bn\u00e9 pejsky a jak n\u00e1m m\u016f\u017eete pomoci. Pro d\u011bti budou p\u0159ipraveny mal\u00e9 sout\u011b\u017ee a malov\u00e1n\u00ed. \ud83d\udc36<\/p>\n\n\n\n<p>P\u0159ij\u010fte si s n\u00e1mi popov\u00eddat, a zjistit v\u00edc o odpov\u011bdn\u00e9 p\u00e9\u010di o zv\u00ed\u0159ec\u00ed kamar\u00e1dy.<\/p>\n\n\n\n<p>T\u011b\u0161\u00edme se na v\u00e1s \u2013 za ka\u017ed\u00e9ho po\u010das\u00ed! \ud83c\udf26<\/p>\n\n\n\n<figure class=\"wp-block-image size-full\"><img loading=\"lazy\" decoding=\"async\" width=\"672\" height=\"949\" src=\"https:\/\/utulek.ostrava.cz\/wp-content\/uploads\/2025\/09\/bambifest-1.jpg\" alt=\"\" class=\"wp-image-6850\" srcset=\"https:\/\/utulek.ostrava.cz\/wp-content\/uploads\/2025\/09\/bambifest-1.jpg 672w, https:\/\/utulek.ostrava.cz\/wp-content\/uploads\/2025\/09\/bambifest-1-212x300.jpg 212w\" sizes=\"auto, (max-width: 672px) 100vw, 672px\" \/><\/figure>\n","protected":false},"excerpt":{"rendered":"<p>Srde\u010dn\u011b V\u00e1s zveme na 27. ro\u010dn\u00edk BAMBIFESTu \u2013 jedine\u010dn\u00e9 p\u0159ehl\u00eddky organizac\u00ed pracuj\u00edc\u00edch s d\u011btmi a ml\u00e1de\u017e\u00ed! \ud83d\udccd Louka u Starob\u011blsk\u00e9 koliby, Ostrava\ud83d\udcc5 Sobota 13. 9. [&hellip;]<\/p>\n","protected":false},"author":10,"featured_media":6850,"comment_status":"closed","ping_status":"closed","sticky":false,"template":"","format":"standard","meta":{"_acf_changed":false,"footnotes":""},"categories":[7],"tags":[],"class_list":["post-6849","post","type-post","status-publish","format-standard","has-post-thumbnail","hentry","category-aktuality"],"acf":[],"_links":{"self":[{"href":"https:\/\/utulek.ostrava.cz\/index.php\/wp-json\/wp\/v2\/posts\/6849","targetHints":{"allow":["GET"]}}],"collection":[{"href":"https:\/\/utulek.ostrava.cz\/index.php\/wp-json\/wp\/v2\/posts"}],"about":[{"href":"https:\/\/utulek.ostrava.cz\/index.php\/wp-json\/wp\/v2\/types\/post"}],"author":[{"embeddable":true,"href":"https:\/\/utulek.ostrava.cz\/index.php\/wp-json\/wp\/v2\/users\/10"}],"replies":[{"embeddable":true,"href":"https:\/\/utulek.ostrava.cz\/index.php\/wp-json\/wp\/v2\/comments?post=6849"}],"version-history":[{"count":1,"href":"https:\/\/utulek.ostrava.cz\/index.php\/wp-json\/wp\/v2\/posts\/6849\/revisions"}],"predecessor-version":[{"id":6851,"href":"https:\/\/utulek.ostrava.cz\/index.php\/wp-json\/wp\/v2\/posts\/6849\/revisions\/6851"}],"wp:featuredmedia":[{"embeddable":true,"href":"https:\/\/utulek.ostrava.cz\/index.php\/wp-json\/wp\/v2\/media\/6850"}],"wp:attachment":[{"href":"https:\/\/utulek.ostrava.cz\/index.php\/wp-json\/wp\/v2\/media?parent=6849"}],"wp:term":[{"taxonomy":"category","embeddable":true,"href":"https:\/\/utulek.ostrava.cz\/index.php\/wp-json\/wp\/v2\/categories?post=6849"},{"taxonomy":"post_tag","embeddable":true,"href":"https:\/\/utulek.ostrava.cz\/index.php\/wp-json\/wp\/v2\/tags?post=6849"}],"curies":[{"name":"wp","href":"https:\/\/api.w.org\/{rel}","templated":true}]}}