{"id":6954,"date":"2025-10-31T12:56:59","date_gmt":"2025-10-31T11:56:59","guid":{"rendered":"https:\/\/utulek.ostrava.cz\/?p=6954"},"modified":"2025-10-31T12:56:59","modified_gmt":"2025-10-31T11:56:59","slug":"oznameni-o-zruseni-venceni-psu-sobota-1-11-2025","status":"publish","type":"post","link":"https:\/\/utulek.ostrava.cz\/index.php\/oznameni-o-zruseni-venceni-psu-sobota-1-11-2025\/","title":{"rendered":"Ozn\u00e1men\u00ed o zru\u0161en\u00ed ven\u010den\u00ed ps\u016f \u2013 sobota 1. 11. 2025"},"content":{"rendered":"\n<p>V\u00e1\u017een\u00ed n\u00e1v\u0161t\u011bvn\u00edci,<br>z provozn\u00edch d\u016fvod\u016f <strong>bude v sobotu 1. listopadu 2025 zru\u0161eno pravideln\u00e9 ven\u010den\u00ed ps\u016f<\/strong>.<\/p>\n\n\n\n<p>D\u011bkujeme za pochopen\u00ed a t\u011b\u0161\u00edme se na v\u00e1s op\u011bt v dal\u0161\u00edch dnech.<br>T\u00fdm \u00fatulku \ud83d\udc3e<\/p>\n\n\n\n<p><\/p>\n","protected":false},"excerpt":{"rendered":"<p>V\u00e1\u017een\u00ed n\u00e1v\u0161t\u011bvn\u00edci,z provozn\u00edch d\u016fvod\u016f bude v sobotu 1. listopadu 2025 zru\u0161eno pravideln\u00e9 ven\u010den\u00ed ps\u016f. D\u011bkujeme za pochopen\u00ed a t\u011b\u0161\u00edme se na v\u00e1s op\u011bt v dal\u0161\u00edch [&hellip;]<\/p>\n","protected":false},"author":10,"featured_media":0,"comment_status":"closed","ping_status":"closed","sticky":false,"template":"","format":"standard","meta":{"_acf_changed":false,"footnotes":""},"categories":[7],"tags":[],"class_list":["post-6954","post","type-post","status-publish","format-standard","hentry","category-aktuality"],"acf":[],"_links":{"self":[{"href":"https:\/\/utulek.ostrava.cz\/index.php\/wp-json\/wp\/v2\/posts\/6954","targetHints":{"allow":["GET"]}}],"collection":[{"href":"https:\/\/utulek.ostrava.cz\/index.php\/wp-json\/wp\/v2\/posts"}],"about":[{"href":"https:\/\/utulek.ostrava.cz\/index.php\/wp-json\/wp\/v2\/types\/post"}],"author":[{"embeddable":true,"href":"https:\/\/utulek.ostrava.cz\/index.php\/wp-json\/wp\/v2\/users\/10"}],"replies":[{"embeddable":true,"href":"https:\/\/utulek.ostrava.cz\/index.php\/wp-json\/wp\/v2\/comments?post=6954"}],"version-history":[{"count":1,"href":"https:\/\/utulek.ostrava.cz\/index.php\/wp-json\/wp\/v2\/posts\/6954\/revisions"}],"predecessor-version":[{"id":6955,"href":"https:\/\/utulek.ostrava.cz\/index.php\/wp-json\/wp\/v2\/posts\/6954\/revisions\/6955"}],"wp:attachment":[{"href":"https:\/\/utulek.ostrava.cz\/index.php\/wp-json\/wp\/v2\/media?parent=6954"}],"wp:term":[{"taxonomy":"category","embeddable":true,"href":"https:\/\/utulek.ostrava.cz\/index.php\/wp-json\/wp\/v2\/categories?post=6954"},{"taxonomy":"post_tag","embeddable":true,"href":"https:\/\/utulek.ostrava.cz\/index.php\/wp-json\/wp\/v2\/tags?post=6954"}],"curies":[{"name":"wp","href":"https:\/\/api.w.org\/{rel}","templated":true}]}}