{"id":7028,"date":"2025-12-20T15:29:35","date_gmt":"2025-12-20T14:29:35","guid":{"rendered":"https:\/\/utulek.ostrava.cz\/?p=7028"},"modified":"2025-12-20T15:34:53","modified_gmt":"2025-12-20T14:34:53","slug":"obrovsky-dik-fanouskum-klubu-hc-vitkovice","status":"publish","type":"post","link":"https:\/\/utulek.ostrava.cz\/index.php\/obrovsky-dik-fanouskum-klubu-hc-vitkovice\/","title":{"rendered":"Obrovsk\u00fd &#8222;D\u00cdK&#8220; fanou\u0161k\u016fm klubu HC V\u00edtkovice"},"content":{"rendered":"\n<p>Dnes n\u00e1s velmi mile p\u0159ekvapila skupinka mlad\u00fdch lid\u00ed, kte\u0159\u00ed k n\u00e1m zav\u00edtali a pejsk\u016fm pod strome\u010dek nad\u011blili hromadu d\u00e1rk\u016f.<\/p>\n\n\n\n<p>A kdo \u017ee byl t\u00edm dne\u0161n\u00edm Je\u017e\u00ed\u0161kem?&#8230;..Fanou\u0161ci klubu HC V\u00edtkovice, konkr\u00e9tn\u011b jejich fanclub, uspo\u0159\u00e1dal v\u00e1no\u010dn\u00ed sb\u00edrku pro n\u00e1\u0161 \u00fatulek. B\u011bhem dvou extraligov\u00fdch utk\u00e1n\u00ed se do kasi\u010dek vyb\u00edraly p\u0159\u00edsp\u011bvky a nashrom\u00e1\u017edilo se neuv\u011b\u0159iteln\u00fdch 20.000K\u010d, kter\u00e9 byly v Globusu p\u0159em\u011bn\u011bny na kupu pot\u0159ebn\u00fdch v\u011bc\u00ed a lah\u016fdek pro na\u0161e chlup\u00e1\u010de.<\/p>\n\n\n\n<p>T\u00edmto v\u00e1m v\u0161em z\u00fa\u010dastn\u011bn\u00fdm chceme vyj\u00e1d\u0159it obrovsk\u00fd &#8222;D\u00cdK&#8220; za ochotu, podporu a v\u00e1\u0161 \u010das, kter\u00fd jste v\u011bnovali \u00fatulkov\u00fdm pejsk\u016fm. D \u011a K U J E M E \ud83d\ude42<\/p>\n\n\n\n<figure class=\"wp-block-image size-full\"><img loading=\"lazy\" decoding=\"async\" width=\"494\" height=\"585\" src=\"https:\/\/utulek.ostrava.cz\/wp-content\/uploads\/2025\/12\/HC-2.jpeg\" alt=\"\" class=\"wp-image-7029\" srcset=\"https:\/\/utulek.ostrava.cz\/wp-content\/uploads\/2025\/12\/HC-2.jpeg 494w, https:\/\/utulek.ostrava.cz\/wp-content\/uploads\/2025\/12\/HC-2-253x300.jpeg 253w\" sizes=\"auto, (max-width: 494px) 100vw, 494px\" \/><\/figure>\n\n\n\n<figure class=\"wp-block-image size-full\"><img loading=\"lazy\" decoding=\"async\" width=\"854\" height=\"519\" src=\"https:\/\/utulek.ostrava.cz\/wp-content\/uploads\/2025\/12\/HC-3.jpeg\" alt=\"\" class=\"wp-image-7030\" srcset=\"https:\/\/utulek.ostrava.cz\/wp-content\/uploads\/2025\/12\/HC-3.jpeg 854w, https:\/\/utulek.ostrava.cz\/wp-content\/uploads\/2025\/12\/HC-3-300x182.jpeg 300w, https:\/\/utulek.ostrava.cz\/wp-content\/uploads\/2025\/12\/HC-3-768x467.jpeg 768w\" sizes=\"auto, (max-width: 854px) 100vw, 854px\" \/><\/figure>\n\n\n\n<figure class=\"wp-block-image size-full\"><img loading=\"lazy\" decoding=\"async\" width=\"750\" height=\"1000\" src=\"https:\/\/utulek.ostrava.cz\/wp-content\/uploads\/2025\/12\/HC-4.jpeg\" alt=\"\" class=\"wp-image-7031\" srcset=\"https:\/\/utulek.ostrava.cz\/wp-content\/uploads\/2025\/12\/HC-4.jpeg 750w, https:\/\/utulek.ostrava.cz\/wp-content\/uploads\/2025\/12\/HC-4-225x300.jpeg 225w\" sizes=\"auto, (max-width: 750px) 100vw, 750px\" \/><\/figure>\n\n\n\n<figure class=\"wp-block-image size-full\"><img loading=\"lazy\" decoding=\"async\" width=\"822\" height=\"741\" src=\"https:\/\/utulek.ostrava.cz\/wp-content\/uploads\/2025\/12\/HC-1.jpeg\" alt=\"\" class=\"wp-image-7032\" srcset=\"https:\/\/utulek.ostrava.cz\/wp-content\/uploads\/2025\/12\/HC-1.jpeg 822w, https:\/\/utulek.ostrava.cz\/wp-content\/uploads\/2025\/12\/HC-1-300x270.jpeg 300w, https:\/\/utulek.ostrava.cz\/wp-content\/uploads\/2025\/12\/HC-1-768x692.jpeg 768w\" sizes=\"auto, (max-width: 822px) 100vw, 822px\" \/><\/figure>\n","protected":false},"excerpt":{"rendered":"<p>Dnes n\u00e1s velmi mile p\u0159ekvapila skupinka mlad\u00fdch lid\u00ed, kte\u0159\u00ed k n\u00e1m zav\u00edtali a pejsk\u016fm pod strome\u010dek nad\u011blili hromadu d\u00e1rk\u016f. A kdo \u017ee byl t\u00edm dne\u0161n\u00edm [&hellip;]<\/p>\n","protected":false},"author":4,"featured_media":7032,"comment_status":"closed","ping_status":"closed","sticky":false,"template":"","format":"standard","meta":{"_acf_changed":false,"footnotes":""},"categories":[1,6],"tags":[],"class_list":["post-7028","post","type-post","status-publish","format-standard","has-post-thumbnail","hentry","category-nezarazene","category-podekovani-darcum"],"acf":[],"_links":{"self":[{"href":"https:\/\/utulek.ostrava.cz\/index.php\/wp-json\/wp\/v2\/posts\/7028","targetHints":{"allow":["GET"]}}],"collection":[{"href":"https:\/\/utulek.ostrava.cz\/index.php\/wp-json\/wp\/v2\/posts"}],"about":[{"href":"https:\/\/utulek.ostrava.cz\/index.php\/wp-json\/wp\/v2\/types\/post"}],"author":[{"embeddable":true,"href":"https:\/\/utulek.ostrava.cz\/index.php\/wp-json\/wp\/v2\/users\/4"}],"replies":[{"embeddable":true,"href":"https:\/\/utulek.ostrava.cz\/index.php\/wp-json\/wp\/v2\/comments?post=7028"}],"version-history":[{"count":2,"href":"https:\/\/utulek.ostrava.cz\/index.php\/wp-json\/wp\/v2\/posts\/7028\/revisions"}],"predecessor-version":[{"id":7034,"href":"https:\/\/utulek.ostrava.cz\/index.php\/wp-json\/wp\/v2\/posts\/7028\/revisions\/7034"}],"wp:featuredmedia":[{"embeddable":true,"href":"https:\/\/utulek.ostrava.cz\/index.php\/wp-json\/wp\/v2\/media\/7032"}],"wp:attachment":[{"href":"https:\/\/utulek.ostrava.cz\/index.php\/wp-json\/wp\/v2\/media?parent=7028"}],"wp:term":[{"taxonomy":"category","embeddable":true,"href":"https:\/\/utulek.ostrava.cz\/index.php\/wp-json\/wp\/v2\/categories?post=7028"},{"taxonomy":"post_tag","embeddable":true,"href":"https:\/\/utulek.ostrava.cz\/index.php\/wp-json\/wp\/v2\/tags?post=7028"}],"curies":[{"name":"wp","href":"https:\/\/api.w.org\/{rel}","templated":true}]}}