{"id":7634,"date":"2026-08-26T17:34:05","date_gmt":"2026-08-26T15:34:05","guid":{"rendered":"https:\/\/utulek.ostrava.cz\/?p=7634"},"modified":"2026-08-26T17:34:05","modified_gmt":"2026-08-26T15:34:05","slug":"podekovani-nasemu-darci","status":"publish","type":"post","link":"https:\/\/utulek.ostrava.cz\/index.php\/podekovani-nasemu-darci\/","title":{"rendered":"Pod\u011bkov\u00e1n\u00ed na\u0161emu d\u00e1rci"},"content":{"rendered":"\n<p>Dnes k n\u00e1m do \u00fatulku dorazil opravdu kr\u00e1sn\u00fd dar pro na\u0161e chlup\u00e1\u010de.<\/p>\n\n\n\n<p>Moc d\u011bkujeme d\u00e1rci, kter\u00fd na\u0161im pejsk\u016fm p\u0159ivezl spoustu granul\u00ed, konzerv, pi\u0161kotk\u016f a pamlsk\u016f. Takov\u00e1 pomoc n\u00e1m v\u017edy ud\u011bl\u00e1 obrovskou radost a hlavn\u011b pot\u011b\u0161\u00ed na\u0161e \u010dty\u0159noh\u00e9 sv\u011b\u0159ence, kte\u0159\u00ed si na dobrot\u00e1ch ur\u010dit\u011b r\u00e1di pochutnaj\u00ed.<\/p>\n\n\n\n<p>Velmi si v\u00e1\u017e\u00edme ka\u017ed\u00e9ho, kdo na \u00fatulkov\u00e9 pejsky mysl\u00ed a rozhodne se jim jak\u00fdmkoliv zp\u016fsobem pomoci.<\/p>\n\n\n\n<p>Je\u0161t\u011b jednou moc d\u011bkujeme za \u0161t\u011bdrost, podporu a pln\u00e9 ta\u0161ky dobrot pro na\u0161e chlup\u00e1\u010de<\/p>\n\n\n\n<figure class=\"wp-block-image size-large\"><img loading=\"lazy\" decoding=\"async\" width=\"1024\" height=\"741\" src=\"https:\/\/utulek.ostrava.cz\/wp-content\/uploads\/2026\/08\/dary-1-1024x741.jpg\" alt=\"\" class=\"wp-image-7636\" srcset=\"https:\/\/utulek.ostrava.cz\/wp-content\/uploads\/2026\/08\/dary-1-1024x741.jpg 1024w, https:\/\/utulek.ostrava.cz\/wp-content\/uploads\/2026\/08\/dary-1-300x217.jpg 300w, https:\/\/utulek.ostrava.cz\/wp-content\/uploads\/2026\/08\/dary-1-768x556.jpg 768w, https:\/\/utulek.ostrava.cz\/wp-content\/uploads\/2026\/08\/dary-1-1536x1111.jpg 1536w, https:\/\/utulek.ostrava.cz\/wp-content\/uploads\/2026\/08\/dary-1-2048x1482.jpg 2048w\" sizes=\"auto, (max-width: 1024px) 100vw, 1024px\" \/><\/figure>\n","protected":false},"excerpt":{"rendered":"<p>Dnes k n\u00e1m do \u00fatulku dorazil opravdu kr\u00e1sn\u00fd dar pro na\u0161e chlup\u00e1\u010de. Moc d\u011bkujeme d\u00e1rci, kter\u00fd na\u0161im pejsk\u016fm p\u0159ivezl spoustu granul\u00ed, konzerv, pi\u0161kotk\u016f a pamlsk\u016f. [&hellip;]<\/p>\n","protected":false},"author":10,"featured_media":7635,"comment_status":"closed","ping_status":"closed","sticky":false,"template":"","format":"standard","meta":{"_acf_changed":false,"footnotes":""},"categories":[6],"tags":[],"class_list":["post-7634","post","type-post","status-publish","format-standard","has-post-thumbnail","hentry","category-podekovani-darcum"],"acf":[],"_links":{"self":[{"href":"https:\/\/utulek.ostrava.cz\/index.php\/wp-json\/wp\/v2\/posts\/7634","targetHints":{"allow":["GET"]}}],"collection":[{"href":"https:\/\/utulek.ostrava.cz\/index.php\/wp-json\/wp\/v2\/posts"}],"about":[{"href":"https:\/\/utulek.ostrava.cz\/index.php\/wp-json\/wp\/v2\/types\/post"}],"author":[{"embeddable":true,"href":"https:\/\/utulek.ostrava.cz\/index.php\/wp-json\/wp\/v2\/users\/10"}],"replies":[{"embeddable":true,"href":"https:\/\/utulek.ostrava.cz\/index.php\/wp-json\/wp\/v2\/comments?post=7634"}],"version-history":[{"count":1,"href":"https:\/\/utulek.ostrava.cz\/index.php\/wp-json\/wp\/v2\/posts\/7634\/revisions"}],"predecessor-version":[{"id":7637,"href":"https:\/\/utulek.ostrava.cz\/index.php\/wp-json\/wp\/v2\/posts\/7634\/revisions\/7637"}],"wp:featuredmedia":[{"embeddable":true,"href":"https:\/\/utulek.ostrava.cz\/index.php\/wp-json\/wp\/v2\/media\/7635"}],"wp:attachment":[{"href":"https:\/\/utulek.ostrava.cz\/index.php\/wp-json\/wp\/v2\/media?parent=7634"}],"wp:term":[{"taxonomy":"category","embeddable":true,"href":"https:\/\/utulek.ostrava.cz\/index.php\/wp-json\/wp\/v2\/categories?post=7634"},{"taxonomy":"post_tag","embeddable":true,"href":"https:\/\/utulek.ostrava.cz\/index.php\/wp-json\/wp\/v2\/tags?post=7634"}],"curies":[{"name":"wp","href":"https:\/\/api.w.org\/{rel}","templated":true}]}}