{"id":7646,"date":"2026-08-31T14:30:19","date_gmt":"2026-08-31T12:30:19","guid":{"rendered":"https:\/\/utulek.ostrava.cz\/?p=7646"},"modified":"2026-08-31T14:30:19","modified_gmt":"2026-08-31T12:30:19","slug":"podekovani-dennimu-stacionari-ostrava-poruba","status":"publish","type":"post","link":"https:\/\/utulek.ostrava.cz\/index.php\/podekovani-dennimu-stacionari-ostrava-poruba\/","title":{"rendered":"Pod\u011bkov\u00e1n\u00ed Denn\u00edmu stacion\u00e1\u0159i Ostrava-Poruba"},"content":{"rendered":"\n<p>Dne <strong>18. 8.<\/strong> n\u00e1s nav\u0161t\u00edvili klienti Denn\u00edho stacion\u00e1\u0159e Ostrava-Poruba \u2013 lid\u00e9 se zdravotn\u00edm znev\u00fdhodn\u011bn\u00edm.<\/p>\n\n\n\n<p>Pro na\u0161e pejsky p\u0159inesli spoustu m\u0148aminek a nav\u00edc tak\u00e9 kr\u00e1sn\u00e9 <strong>ru\u010dn\u011b vyr\u00e1b\u011bn\u00e9 \u010dmuchac\u00ed kobere\u010dky a uzly<\/strong>, kter\u00e9 na\u0161im chlup\u00e1\u010d\u016fm ur\u010dit\u011b zp\u0159\u00edjemn\u00ed chv\u00edle v \u00fatulku.<\/p>\n\n\n\n<p>Velmi si v\u00e1\u017e\u00edme nejen v\u0161ech dobrot, ale p\u0159edev\u0161\u00edm \u010dasu a pr\u00e1ce, kterou do v\u00fdroby t\u011bchto d\u00e1re\u010dk\u016f vlo\u017eili.<\/p>\n\n\n\n<p>Za milou n\u00e1v\u0161t\u011bvu, podporu a v\u0161echny d\u00e1re\u010dky pro na\u0161e pejsky moc d\u011bkujeme.<\/p>\n\n\n\n<figure class=\"wp-block-image size-full\"><img loading=\"lazy\" decoding=\"async\" width=\"1000\" height=\"750\" src=\"https:\/\/utulek.ostrava.cz\/wp-content\/uploads\/2026\/08\/1.jpg\" alt=\"\" class=\"wp-image-7647\" srcset=\"https:\/\/utulek.ostrava.cz\/wp-content\/uploads\/2026\/08\/1.jpg 1000w, https:\/\/utulek.ostrava.cz\/wp-content\/uploads\/2026\/08\/1-300x225.jpg 300w, https:\/\/utulek.ostrava.cz\/wp-content\/uploads\/2026\/08\/1-768x576.jpg 768w\" sizes=\"auto, (max-width: 1000px) 100vw, 1000px\" \/><\/figure>\n\n\n\n<figure class=\"wp-block-image size-full\"><img loading=\"lazy\" decoding=\"async\" width=\"1000\" height=\"607\" src=\"https:\/\/utulek.ostrava.cz\/wp-content\/uploads\/2026\/08\/2.jpg\" alt=\"\" class=\"wp-image-7648\" srcset=\"https:\/\/utulek.ostrava.cz\/wp-content\/uploads\/2026\/08\/2.jpg 1000w, https:\/\/utulek.ostrava.cz\/wp-content\/uploads\/2026\/08\/2-300x182.jpg 300w, https:\/\/utulek.ostrava.cz\/wp-content\/uploads\/2026\/08\/2-768x466.jpg 768w\" sizes=\"auto, (max-width: 1000px) 100vw, 1000px\" \/><\/figure>\n\n\n\n<figure class=\"wp-block-image size-full\"><img loading=\"lazy\" decoding=\"async\" width=\"750\" height=\"1000\" src=\"https:\/\/utulek.ostrava.cz\/wp-content\/uploads\/2026\/08\/3.jpg\" alt=\"\" class=\"wp-image-7649\" srcset=\"https:\/\/utulek.ostrava.cz\/wp-content\/uploads\/2026\/08\/3.jpg 750w, https:\/\/utulek.ostrava.cz\/wp-content\/uploads\/2026\/08\/3-225x300.jpg 225w\" sizes=\"auto, (max-width: 750px) 100vw, 750px\" \/><\/figure>\n\n\n\n<figure class=\"wp-block-image size-full\"><img loading=\"lazy\" decoding=\"async\" width=\"1000\" height=\"750\" src=\"https:\/\/utulek.ostrava.cz\/wp-content\/uploads\/2026\/08\/4.jpg\" alt=\"\" class=\"wp-image-7650\" srcset=\"https:\/\/utulek.ostrava.cz\/wp-content\/uploads\/2026\/08\/4.jpg 1000w, https:\/\/utulek.ostrava.cz\/wp-content\/uploads\/2026\/08\/4-300x225.jpg 300w, https:\/\/utulek.ostrava.cz\/wp-content\/uploads\/2026\/08\/4-768x576.jpg 768w\" sizes=\"auto, (max-width: 1000px) 100vw, 1000px\" \/><\/figure>\n\n\n\n<p><\/p>\n","protected":false},"excerpt":{"rendered":"<p>Dne 18. 8. n\u00e1s nav\u0161t\u00edvili klienti Denn\u00edho stacion\u00e1\u0159e Ostrava-Poruba \u2013 lid\u00e9 se zdravotn\u00edm znev\u00fdhodn\u011bn\u00edm. Pro na\u0161e pejsky p\u0159inesli spoustu m\u0148aminek a nav\u00edc tak\u00e9 kr\u00e1sn\u00e9 ru\u010dn\u011b [&hellip;]<\/p>\n","protected":false},"author":10,"featured_media":7648,"comment_status":"closed","ping_status":"closed","sticky":false,"template":"","format":"standard","meta":{"_acf_changed":false,"footnotes":""},"categories":[6],"tags":[],"class_list":["post-7646","post","type-post","status-publish","format-standard","has-post-thumbnail","hentry","category-podekovani-darcum"],"acf":[],"_links":{"self":[{"href":"https:\/\/utulek.ostrava.cz\/index.php\/wp-json\/wp\/v2\/posts\/7646","targetHints":{"allow":["GET"]}}],"collection":[{"href":"https:\/\/utulek.ostrava.cz\/index.php\/wp-json\/wp\/v2\/posts"}],"about":[{"href":"https:\/\/utulek.ostrava.cz\/index.php\/wp-json\/wp\/v2\/types\/post"}],"author":[{"embeddable":true,"href":"https:\/\/utulek.ostrava.cz\/index.php\/wp-json\/wp\/v2\/users\/10"}],"replies":[{"embeddable":true,"href":"https:\/\/utulek.ostrava.cz\/index.php\/wp-json\/wp\/v2\/comments?post=7646"}],"version-history":[{"count":1,"href":"https:\/\/utulek.ostrava.cz\/index.php\/wp-json\/wp\/v2\/posts\/7646\/revisions"}],"predecessor-version":[{"id":7651,"href":"https:\/\/utulek.ostrava.cz\/index.php\/wp-json\/wp\/v2\/posts\/7646\/revisions\/7651"}],"wp:featuredmedia":[{"embeddable":true,"href":"https:\/\/utulek.ostrava.cz\/index.php\/wp-json\/wp\/v2\/media\/7648"}],"wp:attachment":[{"href":"https:\/\/utulek.ostrava.cz\/index.php\/wp-json\/wp\/v2\/media?parent=7646"}],"wp:term":[{"taxonomy":"category","embeddable":true,"href":"https:\/\/utulek.ostrava.cz\/index.php\/wp-json\/wp\/v2\/categories?post=7646"},{"taxonomy":"post_tag","embeddable":true,"href":"https:\/\/utulek.ostrava.cz\/index.php\/wp-json\/wp\/v2\/tags?post=7646"}],"curies":[{"name":"wp","href":"https:\/\/api.w.org\/{rel}","templated":true}]}}