{"id":7653,"date":"2026-09-01T14:27:15","date_gmt":"2026-09-01T12:27:15","guid":{"rendered":"https:\/\/utulek.ostrava.cz\/?p=7653"},"modified":"2026-09-01T14:27:16","modified_gmt":"2026-09-01T12:27:16","slug":"podekovani-primestskemu-taboru-kuchtici-v-krmeline","status":"publish","type":"post","link":"https:\/\/utulek.ostrava.cz\/index.php\/podekovani-primestskemu-taboru-kuchtici-v-krmeline\/","title":{"rendered":"Pod\u011bkov\u00e1n\u00ed p\u0159\u00edm\u011bstsk\u00e9mu t\u00e1boru \u201eKucht\u00edci\u201c v Krmel\u00edn\u011b"},"content":{"rendered":"\n<p>Velk\u00e9 pod\u011bkov\u00e1n\u00ed pat\u0159\u00ed d\u011btem z p\u0159\u00edm\u011bstsk\u00e9ho t\u00e1bora <strong>\u201eKucht\u00edci\u201c v Krmel\u00edn\u011b<\/strong>, kter\u00e9 napekly spoustu dobrot, n\u00e1sledn\u011b je prod\u00e1valy a v\u00fdt\u011b\u017eek z cel\u00e9 akce se rozhodly v\u011bnovat na\u0161emu \u00fatulku.<\/p>\n\n\n\n<p>A proto\u017ee dobroty m\u00e1 r\u00e1d ka\u017ed\u00fd, po\u0159\u00eddily d\u011btem pro na\u0161e pejsky tak\u00e9 jejich obl\u00edben\u00e9 pi\u0161kotky.<\/p>\n\n\n\n<p>Pan\u00ed Mark\u00e9ta n\u00e1m je n\u00e1sledn\u011b p\u0159ivezla opravdu po\u0159\u00e1dnou z\u00e1sobu, za kterou jsme moc r\u00e1di a na\u0161i chlup\u00e1\u010di si na n\u00ed ur\u010dit\u011b pochutnaj\u00ed.<\/p>\n\n\n\n<p>Moc d\u011bkujeme d\u011btem za kr\u00e1sn\u00fd n\u00e1pad, ochotu pom\u00e1hat a za to, \u017ee myslely pr\u00e1v\u011b na pejsky bez domova. <\/p>\n\n\n\n<figure class=\"wp-block-image size-large\"><img loading=\"lazy\" decoding=\"async\" width=\"1024\" height=\"768\" src=\"https:\/\/utulek.ostrava.cz\/wp-content\/uploads\/2026\/09\/kuchtici-1-1-1024x768.jpg\" alt=\"\" class=\"wp-image-7655\" srcset=\"https:\/\/utulek.ostrava.cz\/wp-content\/uploads\/2026\/09\/kuchtici-1-1-1024x768.jpg 1024w, https:\/\/utulek.ostrava.cz\/wp-content\/uploads\/2026\/09\/kuchtici-1-1-300x225.jpg 300w, https:\/\/utulek.ostrava.cz\/wp-content\/uploads\/2026\/09\/kuchtici-1-1-768x576.jpg 768w, https:\/\/utulek.ostrava.cz\/wp-content\/uploads\/2026\/09\/kuchtici-1-1-1536x1152.jpg 1536w, https:\/\/utulek.ostrava.cz\/wp-content\/uploads\/2026\/09\/kuchtici-1-1-2048x1536.jpg 2048w\" sizes=\"auto, (max-width: 1024px) 100vw, 1024px\" \/><\/figure>\n\n\n\n<figure class=\"wp-block-image size-large\"><img loading=\"lazy\" decoding=\"async\" width=\"768\" height=\"1024\" src=\"https:\/\/utulek.ostrava.cz\/wp-content\/uploads\/2026\/09\/kuchtici-2-768x1024.jpg\" alt=\"\" class=\"wp-image-7656\" srcset=\"https:\/\/utulek.ostrava.cz\/wp-content\/uploads\/2026\/09\/kuchtici-2-768x1024.jpg 768w, https:\/\/utulek.ostrava.cz\/wp-content\/uploads\/2026\/09\/kuchtici-2-225x300.jpg 225w, https:\/\/utulek.ostrava.cz\/wp-content\/uploads\/2026\/09\/kuchtici-2-1152x1536.jpg 1152w, https:\/\/utulek.ostrava.cz\/wp-content\/uploads\/2026\/09\/kuchtici-2-1536x2048.jpg 1536w, https:\/\/utulek.ostrava.cz\/wp-content\/uploads\/2026\/09\/kuchtici-2-scaled.jpg 1920w\" sizes=\"auto, (max-width: 768px) 100vw, 768px\" \/><\/figure>\n","protected":false},"excerpt":{"rendered":"<p>Velk\u00e9 pod\u011bkov\u00e1n\u00ed pat\u0159\u00ed d\u011btem z p\u0159\u00edm\u011bstsk\u00e9ho t\u00e1bora \u201eKucht\u00edci\u201c v Krmel\u00edn\u011b, kter\u00e9 napekly spoustu dobrot, n\u00e1sledn\u011b je prod\u00e1valy a v\u00fdt\u011b\u017eek z cel\u00e9 akce se rozhodly v\u011bnovat [&hellip;]<\/p>\n","protected":false},"author":10,"featured_media":7654,"comment_status":"closed","ping_status":"closed","sticky":false,"template":"","format":"standard","meta":{"_acf_changed":false,"footnotes":""},"categories":[6],"tags":[],"class_list":["post-7653","post","type-post","status-publish","format-standard","has-post-thumbnail","hentry","category-podekovani-darcum"],"acf":[],"_links":{"self":[{"href":"https:\/\/utulek.ostrava.cz\/index.php\/wp-json\/wp\/v2\/posts\/7653","targetHints":{"allow":["GET"]}}],"collection":[{"href":"https:\/\/utulek.ostrava.cz\/index.php\/wp-json\/wp\/v2\/posts"}],"about":[{"href":"https:\/\/utulek.ostrava.cz\/index.php\/wp-json\/wp\/v2\/types\/post"}],"author":[{"embeddable":true,"href":"https:\/\/utulek.ostrava.cz\/index.php\/wp-json\/wp\/v2\/users\/10"}],"replies":[{"embeddable":true,"href":"https:\/\/utulek.ostrava.cz\/index.php\/wp-json\/wp\/v2\/comments?post=7653"}],"version-history":[{"count":1,"href":"https:\/\/utulek.ostrava.cz\/index.php\/wp-json\/wp\/v2\/posts\/7653\/revisions"}],"predecessor-version":[{"id":7657,"href":"https:\/\/utulek.ostrava.cz\/index.php\/wp-json\/wp\/v2\/posts\/7653\/revisions\/7657"}],"wp:featuredmedia":[{"embeddable":true,"href":"https:\/\/utulek.ostrava.cz\/index.php\/wp-json\/wp\/v2\/media\/7654"}],"wp:attachment":[{"href":"https:\/\/utulek.ostrava.cz\/index.php\/wp-json\/wp\/v2\/media?parent=7653"}],"wp:term":[{"taxonomy":"category","embeddable":true,"href":"https:\/\/utulek.ostrava.cz\/index.php\/wp-json\/wp\/v2\/categories?post=7653"},{"taxonomy":"post_tag","embeddable":true,"href":"https:\/\/utulek.ostrava.cz\/index.php\/wp-json\/wp\/v2\/tags?post=7653"}],"curies":[{"name":"wp","href":"https:\/\/api.w.org\/{rel}","templated":true}]}}