{"id":844,"date":"2018-12-17T09:17:32","date_gmt":"2018-12-17T08:17:32","guid":{"rendered":"https:\/\/utulek.ostrava.cz\/\/?p=844"},"modified":"2020-02-24T10:09:38","modified_gmt":"2020-02-24T09:09:38","slug":"1st-internatinal-school-of-ostrava","status":"publish","type":"post","link":"https:\/\/utulek.ostrava.cz\/index.php\/1st-internatinal-school-of-ostrava\/","title":{"rendered":"1st Internatinal school of Ostrava"},"content":{"rendered":"\n<p>Studenti mezin\u00e1rodn\u00ed \u0161koly, z ro\u010dn\u00edk\u016f 10A a 10B, p\u0159i\u0161li dne 14. 12. 2018 nav\u0161t\u00edvit pejsky v na\u0161em \u00fatulku a n\u011bco nov\u00e9ho se dov\u011bd\u011bt. P\u0159esto\u017ee n\u00e1m&nbsp;n\u011bkte\u0159\u00ed studenti nejsp\u00ed\u0161 \u010desky nerozum\u011bli, snad jsme jim n\u00e1zorn\u00fdmi uk\u00e1zkami mnoh\u00e9 p\u0159ibl\u00ed\u017eili. Nezapomn\u011bli p\u0159in\u00e9st pejsk\u016fm tak\u00e9 spoustu d\u00e1re\u010dk\u016f, za kter\u00e9 mnohokr\u00e1t d\u011bkujeme. <\/p>\n\n\n\n<figure class=\"wp-block-gallery columns-1 is-cropped wp-block-gallery-1 is-layout-flex wp-block-gallery-is-layout-flex\"><ul class=\"blocks-gallery-grid\"><li class=\"blocks-gallery-item\"><figure><img loading=\"lazy\" decoding=\"async\" width=\"640\" height=\"480\" src=\"https:\/\/utulek.ostrava.cz\/wp-content\/uploads\/2020\/02\/international_20181217_1293135076.jpg\" alt=\"\" data-id=\"845\" data-full-url=\"https:\/\/utulek.ostrava.cz\/wp-content\/uploads\/2020\/02\/international_20181217_1293135076.jpg\" data-link=\"https:\/\/utulek.ostrava.cz\/?attachment_id=845\" class=\"wp-image-845\" srcset=\"https:\/\/utulek.ostrava.cz\/wp-content\/uploads\/2020\/02\/international_20181217_1293135076.jpg 640w, https:\/\/utulek.ostrava.cz\/wp-content\/uploads\/2020\/02\/international_20181217_1293135076-300x225.jpg 300w\" sizes=\"auto, (max-width: 640px) 100vw, 640px\" \/><\/figure><\/li><\/ul><\/figure>\n","protected":false},"excerpt":{"rendered":"<p>Studenti mezin\u00e1rodn\u00ed \u0161koly, z ro\u010dn\u00edk\u016f 10A a 10B, p\u0159i\u0161li dne 14. 12. 2018 nav\u0161t\u00edvit pejsky v na\u0161em \u00fatulku a n\u011bco nov\u00e9ho se dov\u011bd\u011bt. P\u0159esto\u017ee n\u00e1m&nbsp;n\u011bkte\u0159\u00ed [&hellip;]<\/p>\n","protected":false},"author":3,"featured_media":845,"comment_status":"open","ping_status":"open","sticky":false,"template":"","format":"standard","meta":{"_acf_changed":false,"footnotes":""},"categories":[9],"tags":[],"class_list":["post-844","post","type-post","status-publish","format-standard","has-post-thumbnail","hentry","category-pro-skupiny"],"acf":[],"_links":{"self":[{"href":"https:\/\/utulek.ostrava.cz\/index.php\/wp-json\/wp\/v2\/posts\/844","targetHints":{"allow":["GET"]}}],"collection":[{"href":"https:\/\/utulek.ostrava.cz\/index.php\/wp-json\/wp\/v2\/posts"}],"about":[{"href":"https:\/\/utulek.ostrava.cz\/index.php\/wp-json\/wp\/v2\/types\/post"}],"author":[{"embeddable":true,"href":"https:\/\/utulek.ostrava.cz\/index.php\/wp-json\/wp\/v2\/users\/3"}],"replies":[{"embeddable":true,"href":"https:\/\/utulek.ostrava.cz\/index.php\/wp-json\/wp\/v2\/comments?post=844"}],"version-history":[{"count":2,"href":"https:\/\/utulek.ostrava.cz\/index.php\/wp-json\/wp\/v2\/posts\/844\/revisions"}],"predecessor-version":[{"id":996,"href":"https:\/\/utulek.ostrava.cz\/index.php\/wp-json\/wp\/v2\/posts\/844\/revisions\/996"}],"wp:featuredmedia":[{"embeddable":true,"href":"https:\/\/utulek.ostrava.cz\/index.php\/wp-json\/wp\/v2\/media\/845"}],"wp:attachment":[{"href":"https:\/\/utulek.ostrava.cz\/index.php\/wp-json\/wp\/v2\/media?parent=844"}],"wp:term":[{"taxonomy":"category","embeddable":true,"href":"https:\/\/utulek.ostrava.cz\/index.php\/wp-json\/wp\/v2\/categories?post=844"},{"taxonomy":"post_tag","embeddable":true,"href":"https:\/\/utulek.ostrava.cz\/index.php\/wp-json\/wp\/v2\/tags?post=844"}],"curies":[{"name":"wp","href":"https:\/\/api.w.org\/{rel}","templated":true}]}}