{"id":854,"date":"2015-11-11T09:23:00","date_gmt":"2015-11-11T08:23:00","guid":{"rendered":"https:\/\/utulek.ostrava.cz\/\/?p=854"},"modified":"2020-02-21T10:42:59","modified_gmt":"2020-02-21T09:42:59","slug":"ztratil-se-a-daruji","status":"publish","type":"post","link":"https:\/\/utulek.ostrava.cz\/index.php\/ztratil-se-a-daruji\/","title":{"rendered":"&#8222;Ztratil se&#8220; a &#8222;Daruji&#8220;"},"content":{"rendered":"\n<p>Do sekce &#8222;ZTRATIL SE&#8220; m\u016f\u017eete sami vkl\u00e1dat \u00fadaje o zv\u00ed\u0159eti, kter\u00e9 se v\u00e1m ztratilo \u010di zab\u011bhlo spolu s fotografi\u00ed. Odesl\u00e1n\u00edm informac\u00ed o ztracen\u00e9m zv\u00ed\u0159eti a sv\u00fdch osobn\u00edch \u00fadaj\u016f d\u00e1v\u00e1te souhlas ke zpracov\u00e1n\u00ed t\u011bchto \u00fadaj\u016f pro pot\u0159ebu evidence ztr\u00e1ty zv\u00ed\u0159ete po dobu dvou t\u00fddn\u016f. Pot\u00e9 budou v\u0161echna data automaticky vymaz\u00e1na. Odeslan\u00e9 informace t\u00fdkaj\u00edc\u00ed se ztr\u00e1ty zv\u00ed\u0159ete ov\u011b\u0159\u00ed zam\u011bstnanec \u00fatulku, kter\u00fd potvrd\u00ed publikaci ztr\u00e1ty na webov\u00fdch str\u00e1nk\u00e1ch a t\u00edm ji zp\u0159\u00edstupn\u00ed ve\u0159ejnosti. Zve\u0159ejn\u011bn bude pouze v\u00e1\u0161 telefonn\u00ed kontakt a \u00fadaje o zv\u00ed\u0159eti.<\/p>\n\n\n\n<p>Stejn\u00e9 podm\u00ednky plat\u00ed tak\u00e9 pro sekci &#8222;DARUJI&#8220;, kde m\u00e1te mo\u017enost vlo\u017eit \u00fadaje o zv\u00ed\u0159eti, kter\u00e9 chcete darovat a p\u0159ipojit tak i fotografii zv\u00ed\u0159ete.<\/p>\n\n\n\n<p>\u00datulek pro psy v Ostrav\u011b \u2013 T\u0159ebovic\u00edch si vyhrazuje pr\u00e1vo nezve\u0159ejnit informace v sekc\u00edch \u201eZTRATIL SE\u201c a \u201eDARUJI\u201c v p\u0159\u00edpad\u011b, \u017ee nebude mo\u017en\u00e9 ov\u011b\u0159it zadavatele nebo budou uvedeny nepravd\u011bpodobn\u00e9 informace.<\/p>\n","protected":false},"excerpt":{"rendered":"<p>Do sekce &#8222;ZTRATIL SE&#8220; m\u016f\u017eete sami vkl\u00e1dat \u00fadaje o zv\u00ed\u0159eti, kter\u00e9 se v\u00e1m ztratilo \u010di zab\u011bhlo spolu s fotografi\u00ed. Odesl\u00e1n\u00edm informac\u00ed o ztracen\u00e9m zv\u00ed\u0159eti a [&hellip;]<\/p>\n","protected":false},"author":3,"featured_media":0,"comment_status":"open","ping_status":"open","sticky":false,"template":"","format":"standard","meta":{"_acf_changed":false,"footnotes":""},"categories":[7],"tags":[],"class_list":["post-854","post","type-post","status-publish","format-standard","hentry","category-aktuality"],"acf":[],"_links":{"self":[{"href":"https:\/\/utulek.ostrava.cz\/index.php\/wp-json\/wp\/v2\/posts\/854","targetHints":{"allow":["GET"]}}],"collection":[{"href":"https:\/\/utulek.ostrava.cz\/index.php\/wp-json\/wp\/v2\/posts"}],"about":[{"href":"https:\/\/utulek.ostrava.cz\/index.php\/wp-json\/wp\/v2\/types\/post"}],"author":[{"embeddable":true,"href":"https:\/\/utulek.ostrava.cz\/index.php\/wp-json\/wp\/v2\/users\/3"}],"replies":[{"embeddable":true,"href":"https:\/\/utulek.ostrava.cz\/index.php\/wp-json\/wp\/v2\/comments?post=854"}],"version-history":[{"count":2,"href":"https:\/\/utulek.ostrava.cz\/index.php\/wp-json\/wp\/v2\/posts\/854\/revisions"}],"predecessor-version":[{"id":859,"href":"https:\/\/utulek.ostrava.cz\/index.php\/wp-json\/wp\/v2\/posts\/854\/revisions\/859"}],"wp:attachment":[{"href":"https:\/\/utulek.ostrava.cz\/index.php\/wp-json\/wp\/v2\/media?parent=854"}],"wp:term":[{"taxonomy":"category","embeddable":true,"href":"https:\/\/utulek.ostrava.cz\/index.php\/wp-json\/wp\/v2\/categories?post=854"},{"taxonomy":"post_tag","embeddable":true,"href":"https:\/\/utulek.ostrava.cz\/index.php\/wp-json\/wp\/v2\/tags?post=854"}],"curies":[{"name":"wp","href":"https:\/\/api.w.org\/{rel}","templated":true}]}}