{"id":856,"date":"2016-04-08T09:24:00","date_gmt":"2016-04-08T07:24:00","guid":{"rendered":"https:\/\/utulek.ostrava.cz\/\/?p=856"},"modified":"2020-02-21T10:43:29","modified_gmt":"2020-02-21T09:43:29","slug":"pondelni-venceni-presunuto-na-nedelni-dny","status":"publish","type":"post","link":"https:\/\/utulek.ostrava.cz\/index.php\/pondelni-venceni-presunuto-na-nedelni-dny\/","title":{"rendered":"Pond\u011bln\u00ed ven\u010den\u00ed p\u0159esunuto na ned\u011bln\u00ed dny"},"content":{"rendered":"\n<p>Od 11. 4. 2016 bude pond\u011bln\u00ed ven\u010den\u00ed \u00fatulkov\u00fdch pejsk\u016f p\u0159esunuto na ned\u011bln\u00ed dny. Z\u00e1jemci o ven\u010den\u00ed tak mohou p\u0159ich\u00e1zet do \u00fatulku ven\u010dit ve st\u0159edy, soboty a ned\u011ble v dob\u011b 12 \u2013 16 hodin. Pond\u011bln\u00ed ven\u010den\u00ed se t\u00edmto dnem ru\u0161\u00ed. M\u00edsto n\u011bj bude prob\u00edhat poradenstv\u00ed.<\/p>\n\n\n\n<figure class=\"wp-block-gallery columns-1 is-cropped wp-block-gallery-1 is-layout-flex wp-block-gallery-is-layout-flex\"><ul class=\"blocks-gallery-grid\"><li class=\"blocks-gallery-item\"><figure><img loading=\"lazy\" decoding=\"async\" width=\"657\" height=\"226\" src=\"https:\/\/utulek.ostrava.cz\/wp-content\/uploads\/2020\/02\/veneni_20160408_1476951361.jpg\" alt=\"\" data-id=\"857\" data-full-url=\"https:\/\/utulek.ostrava.cz\/wp-content\/uploads\/2020\/02\/veneni_20160408_1476951361.jpg\" data-link=\"https:\/\/utulek.ostrava.cz\/?attachment_id=857\" class=\"wp-image-857\" srcset=\"https:\/\/utulek.ostrava.cz\/wp-content\/uploads\/2020\/02\/veneni_20160408_1476951361.jpg 657w, https:\/\/utulek.ostrava.cz\/wp-content\/uploads\/2020\/02\/veneni_20160408_1476951361-300x103.jpg 300w\" sizes=\"auto, (max-width: 657px) 100vw, 657px\" \/><\/figure><\/li><\/ul><\/figure>\n","protected":false},"excerpt":{"rendered":"<p>Od 11. 4. 2016 bude pond\u011bln\u00ed ven\u010den\u00ed \u00fatulkov\u00fdch pejsk\u016f p\u0159esunuto na ned\u011bln\u00ed dny. Z\u00e1jemci o ven\u010den\u00ed tak mohou p\u0159ich\u00e1zet do \u00fatulku ven\u010dit ve st\u0159edy, soboty [&hellip;]<\/p>\n","protected":false},"author":3,"featured_media":857,"comment_status":"open","ping_status":"open","sticky":false,"template":"","format":"standard","meta":{"_acf_changed":false,"footnotes":""},"categories":[7],"tags":[],"class_list":["post-856","post","type-post","status-publish","format-standard","has-post-thumbnail","hentry","category-aktuality"],"acf":[],"_links":{"self":[{"href":"https:\/\/utulek.ostrava.cz\/index.php\/wp-json\/wp\/v2\/posts\/856","targetHints":{"allow":["GET"]}}],"collection":[{"href":"https:\/\/utulek.ostrava.cz\/index.php\/wp-json\/wp\/v2\/posts"}],"about":[{"href":"https:\/\/utulek.ostrava.cz\/index.php\/wp-json\/wp\/v2\/types\/post"}],"author":[{"embeddable":true,"href":"https:\/\/utulek.ostrava.cz\/index.php\/wp-json\/wp\/v2\/users\/3"}],"replies":[{"embeddable":true,"href":"https:\/\/utulek.ostrava.cz\/index.php\/wp-json\/wp\/v2\/comments?post=856"}],"version-history":[{"count":1,"href":"https:\/\/utulek.ostrava.cz\/index.php\/wp-json\/wp\/v2\/posts\/856\/revisions"}],"predecessor-version":[{"id":858,"href":"https:\/\/utulek.ostrava.cz\/index.php\/wp-json\/wp\/v2\/posts\/856\/revisions\/858"}],"wp:featuredmedia":[{"embeddable":true,"href":"https:\/\/utulek.ostrava.cz\/index.php\/wp-json\/wp\/v2\/media\/857"}],"wp:attachment":[{"href":"https:\/\/utulek.ostrava.cz\/index.php\/wp-json\/wp\/v2\/media?parent=856"}],"wp:term":[{"taxonomy":"category","embeddable":true,"href":"https:\/\/utulek.ostrava.cz\/index.php\/wp-json\/wp\/v2\/categories?post=856"},{"taxonomy":"post_tag","embeddable":true,"href":"https:\/\/utulek.ostrava.cz\/index.php\/wp-json\/wp\/v2\/tags?post=856"}],"curies":[{"name":"wp","href":"https:\/\/api.w.org\/{rel}","templated":true}]}}