{"id":889,"date":"2016-10-03T09:57:00","date_gmt":"2016-10-03T07:57:00","guid":{"rendered":"https:\/\/utulek.ostrava.cz\/\/?p=889"},"modified":"2020-02-21T10:45:10","modified_gmt":"2020-02-21T09:45:10","slug":"modry-puntik-pomoc-pro-pejsky-a-kocicky-z-utulku","status":"publish","type":"post","link":"https:\/\/utulek.ostrava.cz\/index.php\/modry-puntik-pomoc-pro-pejsky-a-kocicky-z-utulku\/","title":{"rendered":"Modr\u00fd punt\u00edk &#8211; pomoc pro pejsky a ko\u010di\u010dky z \u00fatulk\u016f"},"content":{"rendered":"\n<p><strong>OD 4. 10. do 4. 11. 2016&nbsp;M\u00c1TE MO\u017dNOST POMOCI PEJSK\u016eM A KO\u010cI\u010cK\u00c1M PO CEL\u00c9 REPUBLICE JE\u0160T\u011a V\u00cdCE&nbsp;\ud83d\ude42<\/strong><\/p>\n\n\n\n<p>N\u00e1\u0161 \u00fatulek se zapojil do dobro\u010dinn\u00e9 sb\u00edrky krmiva pro psy a ko\u010dky v \u00fatulc\u00edch &#8211; &nbsp;<strong>&#8222;Modr\u00fd punt\u00edk&#8220;,<\/strong>&nbsp;kterou po\u0159\u00e1d\u00e1 veterin\u00e1rn\u00ed klinika Vethope ve dnech 4. 10. \u2013 4. 11. 2016.<\/p>\n\n\n\n<p>Do na\u0161eho \u00fatulku, kter\u00fd je jedn\u00edm ze sb\u011brn\u00fdch m\u00edst, tak m\u016f\u017eete pejsk\u016fm a ko\u010di\u010dk\u00e1m p\u0159in\u00e9st n\u011bjak\u00e9 dobr\u016ftky a to kter\u00fdkoliv den od 10. do 17. hodiny. Jako pod\u011bkov\u00e1n\u00ed a d\u016fkaz toho, \u017ee byl dar p\u0159ed\u00e1n, z\u00edsk\u00e1te samolepku Modr\u00fd punt\u00edk a n\u00e1rok na zdravotn\u00ed prohl\u00eddku zv\u00ed\u0159ete&nbsp;<strong>za 1 K\u010d na veterin\u00e1rn\u00ed klinice Vethope<\/strong>.<\/p>\n\n\n\n<p>Shrom\u00e1\u017ed\u011bn\u00e9 dary budou p\u0159erozd\u011bleny a p\u0159ed\u00e1ny z\u00fa\u010dastn\u011bn\u00fdm \u00fatulk\u016fm.<\/p>\n\n\n\n<p>V\u00edce informac\u00ed se dozv\u00edte zde:&nbsp;<a href=\"https:\/\/www.facebook.com\/vethopeklinika\/?fref=ts\">https:\/\/www.facebook.com\/vethopeklinika\/?fref=ts<\/a><\/p>\n\n\n\n<figure class=\"wp-block-gallery columns-1 is-cropped wp-block-gallery-1 is-layout-flex wp-block-gallery-is-layout-flex\"><ul class=\"blocks-gallery-grid\"><li class=\"blocks-gallery-item\"><figure><img loading=\"lazy\" decoding=\"async\" width=\"800\" height=\"418\" src=\"https:\/\/utulek.ostrava.cz\/wp-content\/uploads\/2020\/02\/modry_puntik_20161003_1348837242-1.jpg\" alt=\"\" data-id=\"891\" data-full-url=\"https:\/\/utulek.ostrava.cz\/wp-content\/uploads\/2020\/02\/modry_puntik_20161003_1348837242-1.jpg\" data-link=\"https:\/\/utulek.ostrava.cz\/?attachment_id=891\" class=\"wp-image-891\" srcset=\"https:\/\/utulek.ostrava.cz\/wp-content\/uploads\/2020\/02\/modry_puntik_20161003_1348837242-1.jpg 800w, https:\/\/utulek.ostrava.cz\/wp-content\/uploads\/2020\/02\/modry_puntik_20161003_1348837242-1-300x157.jpg 300w, https:\/\/utulek.ostrava.cz\/wp-content\/uploads\/2020\/02\/modry_puntik_20161003_1348837242-1-768x401.jpg 768w\" sizes=\"auto, (max-width: 800px) 100vw, 800px\" \/><\/figure><\/li><\/ul><\/figure>\n","protected":false},"excerpt":{"rendered":"<p>OD 4. 10. do 4. 11. 2016&nbsp;M\u00c1TE MO\u017dNOST POMOCI PEJSK\u016eM A KO\u010cI\u010cK\u00c1M PO CEL\u00c9 REPUBLICE JE\u0160T\u011a V\u00cdCE&nbsp;\ud83d\ude42 N\u00e1\u0161 \u00fatulek se zapojil do dobro\u010dinn\u00e9 sb\u00edrky krmiva [&hellip;]<\/p>\n","protected":false},"author":3,"featured_media":890,"comment_status":"open","ping_status":"open","sticky":false,"template":"","format":"standard","meta":{"_acf_changed":false,"footnotes":""},"categories":[7],"tags":[],"class_list":["post-889","post","type-post","status-publish","format-standard","has-post-thumbnail","hentry","category-aktuality"],"acf":[],"_links":{"self":[{"href":"https:\/\/utulek.ostrava.cz\/index.php\/wp-json\/wp\/v2\/posts\/889","targetHints":{"allow":["GET"]}}],"collection":[{"href":"https:\/\/utulek.ostrava.cz\/index.php\/wp-json\/wp\/v2\/posts"}],"about":[{"href":"https:\/\/utulek.ostrava.cz\/index.php\/wp-json\/wp\/v2\/types\/post"}],"author":[{"embeddable":true,"href":"https:\/\/utulek.ostrava.cz\/index.php\/wp-json\/wp\/v2\/users\/3"}],"replies":[{"embeddable":true,"href":"https:\/\/utulek.ostrava.cz\/index.php\/wp-json\/wp\/v2\/comments?post=889"}],"version-history":[{"count":1,"href":"https:\/\/utulek.ostrava.cz\/index.php\/wp-json\/wp\/v2\/posts\/889\/revisions"}],"predecessor-version":[{"id":892,"href":"https:\/\/utulek.ostrava.cz\/index.php\/wp-json\/wp\/v2\/posts\/889\/revisions\/892"}],"wp:featuredmedia":[{"embeddable":true,"href":"https:\/\/utulek.ostrava.cz\/index.php\/wp-json\/wp\/v2\/media\/890"}],"wp:attachment":[{"href":"https:\/\/utulek.ostrava.cz\/index.php\/wp-json\/wp\/v2\/media?parent=889"}],"wp:term":[{"taxonomy":"category","embeddable":true,"href":"https:\/\/utulek.ostrava.cz\/index.php\/wp-json\/wp\/v2\/categories?post=889"},{"taxonomy":"post_tag","embeddable":true,"href":"https:\/\/utulek.ostrava.cz\/index.php\/wp-json\/wp\/v2\/tags?post=889"}],"curies":[{"name":"wp","href":"https:\/\/api.w.org\/{rel}","templated":true}]}}