{"id":912,"date":"2017-09-12T10:10:00","date_gmt":"2017-09-12T08:10:00","guid":{"rendered":"https:\/\/utulek.ostrava.cz\/\/?p=912"},"modified":"2020-02-21T10:47:24","modified_gmt":"2020-02-21T09:47:24","slug":"voriskiada-aneb-stekni-si-na-pohar-2","status":"publish","type":"post","link":"https:\/\/utulek.ostrava.cz\/index.php\/voriskiada-aneb-stekni-si-na-pohar-2\/","title":{"rendered":"Vo\u0159\u00ed\u0161ki\u00e1da aneb \u0161t\u011bkni si na poh\u00e1r"},"content":{"rendered":"\n<p>Dne 16. 9. 2017 jsme se prezentovali v Komensk\u00e9ho sadech v Ostrav\u011b na Vo\u0159\u00ed\u0161ki\u00e1d\u011b. N\u00e1lada byla i p\u0159es nep\u0159\u00edze\u0148 po\u010das\u00ed skv\u011bl\u00e1 a sout\u011b\u017e\u00edc\u00ed&nbsp;chladno a de\u0161tivo&nbsp;neodradilo. D\u011bkujeme za mo\u017enost se akce \u00fa\u010dastnit a v\u0161em, kte\u0159\u00ed p\u0159isp\u011bli \u00fatulkov\u00fdm pejsk\u016fm, t\u0159eba jen&nbsp;drobnost\u00ed, tak\u00e9 mnohokr\u00e1t d\u011bkujeme. Budeme se t\u011b\u0161it zase za rok&nbsp;\ud83d\ude00 <\/p>\n\n\n\n<figure class=\"wp-block-gallery columns-3 is-cropped wp-block-gallery-1 is-layout-flex wp-block-gallery-is-layout-flex\"><ul class=\"blocks-gallery-grid\"><li class=\"blocks-gallery-item\"><figure><img loading=\"lazy\" decoding=\"async\" width=\"485\" height=\"405\" src=\"https:\/\/utulek.ostrava.cz\/wp-content\/uploads\/2020\/02\/voiskiada_20170912_1685518268.png\" alt=\"\" data-id=\"913\" data-link=\"https:\/\/utulek.ostrava.cz\/?attachment_id=913\" class=\"wp-image-913\" srcset=\"https:\/\/utulek.ostrava.cz\/wp-content\/uploads\/2020\/02\/voiskiada_20170912_1685518268.png 485w, https:\/\/utulek.ostrava.cz\/wp-content\/uploads\/2020\/02\/voiskiada_20170912_1685518268-300x251.png 300w\" sizes=\"auto, (max-width: 485px) 100vw, 485px\" \/><\/figure><\/li><li class=\"blocks-gallery-item\"><figure><img loading=\"lazy\" decoding=\"async\" width=\"417\" height=\"585\" src=\"https:\/\/utulek.ostrava.cz\/wp-content\/uploads\/2020\/02\/voiskiada_20170912_1810400374.png\" alt=\"\" data-id=\"914\" data-link=\"https:\/\/utulek.ostrava.cz\/?attachment_id=914\" class=\"wp-image-914\" srcset=\"https:\/\/utulek.ostrava.cz\/wp-content\/uploads\/2020\/02\/voiskiada_20170912_1810400374.png 417w, https:\/\/utulek.ostrava.cz\/wp-content\/uploads\/2020\/02\/voiskiada_20170912_1810400374-214x300.png 214w\" sizes=\"auto, (max-width: 417px) 100vw, 417px\" \/><\/figure><\/li><li class=\"blocks-gallery-item\"><figure><img loading=\"lazy\" decoding=\"async\" width=\"800\" height=\"600\" src=\"https:\/\/utulek.ostrava.cz\/wp-content\/uploads\/2020\/02\/voiskiada_20170921_1259458127.jpg\" alt=\"\" data-id=\"915\" data-link=\"https:\/\/utulek.ostrava.cz\/?attachment_id=915\" class=\"wp-image-915\" srcset=\"https:\/\/utulek.ostrava.cz\/wp-content\/uploads\/2020\/02\/voiskiada_20170921_1259458127.jpg 800w, https:\/\/utulek.ostrava.cz\/wp-content\/uploads\/2020\/02\/voiskiada_20170921_1259458127-300x225.jpg 300w, https:\/\/utulek.ostrava.cz\/wp-content\/uploads\/2020\/02\/voiskiada_20170921_1259458127-768x576.jpg 768w\" sizes=\"auto, (max-width: 800px) 100vw, 800px\" \/><\/figure><\/li><li class=\"blocks-gallery-item\"><figure><img loading=\"lazy\" decoding=\"async\" width=\"800\" height=\"600\" src=\"https:\/\/utulek.ostrava.cz\/wp-content\/uploads\/2020\/02\/voiskiada_20170921_1117603580.jpg\" alt=\"\" data-id=\"916\" data-link=\"https:\/\/utulek.ostrava.cz\/?attachment_id=916\" class=\"wp-image-916\" srcset=\"https:\/\/utulek.ostrava.cz\/wp-content\/uploads\/2020\/02\/voiskiada_20170921_1117603580.jpg 800w, https:\/\/utulek.ostrava.cz\/wp-content\/uploads\/2020\/02\/voiskiada_20170921_1117603580-300x225.jpg 300w, https:\/\/utulek.ostrava.cz\/wp-content\/uploads\/2020\/02\/voiskiada_20170921_1117603580-768x576.jpg 768w\" sizes=\"auto, (max-width: 800px) 100vw, 800px\" \/><\/figure><\/li><li class=\"blocks-gallery-item\"><figure><img loading=\"lazy\" decoding=\"async\" width=\"800\" height=\"600\" src=\"https:\/\/utulek.ostrava.cz\/wp-content\/uploads\/2020\/02\/voiskiada_20170921_2015844360.jpg\" alt=\"\" data-id=\"917\" data-full-url=\"https:\/\/utulek.ostrava.cz\/wp-content\/uploads\/2020\/02\/voiskiada_20170921_2015844360.jpg\" data-link=\"https:\/\/utulek.ostrava.cz\/?attachment_id=917\" class=\"wp-image-917\" srcset=\"https:\/\/utulek.ostrava.cz\/wp-content\/uploads\/2020\/02\/voiskiada_20170921_2015844360.jpg 800w, https:\/\/utulek.ostrava.cz\/wp-content\/uploads\/2020\/02\/voiskiada_20170921_2015844360-300x225.jpg 300w, https:\/\/utulek.ostrava.cz\/wp-content\/uploads\/2020\/02\/voiskiada_20170921_2015844360-768x576.jpg 768w\" sizes=\"auto, (max-width: 800px) 100vw, 800px\" \/><\/figure><\/li><\/ul><\/figure>\n","protected":false},"excerpt":{"rendered":"<p>Dne 16. 9. 2017 jsme se prezentovali v Komensk\u00e9ho sadech v Ostrav\u011b na Vo\u0159\u00ed\u0161ki\u00e1d\u011b. N\u00e1lada byla i p\u0159es nep\u0159\u00edze\u0148 po\u010das\u00ed skv\u011bl\u00e1 a sout\u011b\u017e\u00edc\u00ed&nbsp;chladno a de\u0161tivo&nbsp;neodradilo. [&hellip;]<\/p>\n","protected":false},"author":3,"featured_media":916,"comment_status":"open","ping_status":"open","sticky":false,"template":"","format":"standard","meta":{"_acf_changed":false,"footnotes":""},"categories":[7],"tags":[],"class_list":["post-912","post","type-post","status-publish","format-standard","has-post-thumbnail","hentry","category-aktuality"],"acf":[],"_links":{"self":[{"href":"https:\/\/utulek.ostrava.cz\/index.php\/wp-json\/wp\/v2\/posts\/912","targetHints":{"allow":["GET"]}}],"collection":[{"href":"https:\/\/utulek.ostrava.cz\/index.php\/wp-json\/wp\/v2\/posts"}],"about":[{"href":"https:\/\/utulek.ostrava.cz\/index.php\/wp-json\/wp\/v2\/types\/post"}],"author":[{"embeddable":true,"href":"https:\/\/utulek.ostrava.cz\/index.php\/wp-json\/wp\/v2\/users\/3"}],"replies":[{"embeddable":true,"href":"https:\/\/utulek.ostrava.cz\/index.php\/wp-json\/wp\/v2\/comments?post=912"}],"version-history":[{"count":2,"href":"https:\/\/utulek.ostrava.cz\/index.php\/wp-json\/wp\/v2\/posts\/912\/revisions"}],"predecessor-version":[{"id":977,"href":"https:\/\/utulek.ostrava.cz\/index.php\/wp-json\/wp\/v2\/posts\/912\/revisions\/977"}],"wp:featuredmedia":[{"embeddable":true,"href":"https:\/\/utulek.ostrava.cz\/index.php\/wp-json\/wp\/v2\/media\/916"}],"wp:attachment":[{"href":"https:\/\/utulek.ostrava.cz\/index.php\/wp-json\/wp\/v2\/media?parent=912"}],"wp:term":[{"taxonomy":"category","embeddable":true,"href":"https:\/\/utulek.ostrava.cz\/index.php\/wp-json\/wp\/v2\/categories?post=912"},{"taxonomy":"post_tag","embeddable":true,"href":"https:\/\/utulek.ostrava.cz\/index.php\/wp-json\/wp\/v2\/tags?post=912"}],"curies":[{"name":"wp","href":"https:\/\/api.w.org\/{rel}","templated":true}]}}