{"id":952,"date":"2019-06-13T10:29:00","date_gmt":"2019-06-13T08:29:00","guid":{"rendered":"https:\/\/utulek.ostrava.cz\/\/?p=952"},"modified":"2020-02-21T10:50:41","modified_gmt":"2020-02-21T09:50:41","slug":"upozorneni-na-omezeni-nekterych-sluzeb-utulku","status":"publish","type":"post","link":"https:\/\/utulek.ostrava.cz\/index.php\/upozorneni-na-omezeni-nekterych-sluzeb-utulku\/","title":{"rendered":"Upozorn\u011bn\u00ed na omezen\u00ed n\u011bkter\u00fdch slu\u017eeb \u00fatulku"},"content":{"rendered":"\n<p><strong>Z d\u016fvodu kompletn\u00ed rekonstrukce administrativn\u00ed budovy \u00fatulku mohou nastat jist\u00e1 omezen\u00ed administrativn\u00edho i celkov\u00e9ho provozu \u00fatulku. T\u00fdk\u00e1 se to p\u0159ev\u00e1\u017en\u011b&nbsp;Opatrovnick\u00fdch a&nbsp;Darovac\u00edch&nbsp;smluv, p\u0159ed\u00e1v\u00e1n\u00ed ps\u016f, zobrazov\u00e1n\u00ed ps\u016f a kompletn\u00ed agenda na webov\u00fdch a facebookov\u00fdch str\u00e1nk\u00e1ch \u00fatulku a probl\u00e9my s telefonick\u00fdm kontaktov\u00e1n\u00edm \u00fatulku.<\/strong><\/p>\n\n\n\n<p><strong>Je nutn\u00e9 db\u00e1t zv\u00fd\u0161en\u00e9 opatrnosti po vstupu do are\u00e1lu \u00fatulku, kde prob\u00edhaj\u00ed, mimo jin\u00e9,&nbsp;v\u00fdkopov\u00e9 pr\u00e1ce. Dodr\u017eujte pros\u00edm pokyny a rady, kter\u00e9 V\u00e1m podaj\u00ed zam\u011bstnanci, vyhneme se tak mo\u017en\u00e9mu \u00farazu, poran\u011bn\u00ed apod.&nbsp;Velice se omlouv\u00e1me za p\u0159\u00edpadn\u00e9 komplikace.&nbsp;Pros\u00edme o shov\u00edvavost&nbsp;a d\u011bkujeme V\u00e1m za pochopen\u00ed.<\/strong><\/p>\n\n\n\n<p><em><strong>Pro kontaktov\u00e1n\u00ed \u00fatulku vyu\u017eijte pros\u00edm telefonn\u00ed \u010d\u00edslo: +420&nbsp;602 768 795.<\/strong><\/em><\/p>\n\n\n\n<p><strong>D\u011bkujeme.<\/strong><\/p>\n","protected":false},"excerpt":{"rendered":"<p>Z d\u016fvodu kompletn\u00ed rekonstrukce administrativn\u00ed budovy \u00fatulku mohou nastat jist\u00e1 omezen\u00ed administrativn\u00edho i celkov\u00e9ho provozu \u00fatulku. T\u00fdk\u00e1 se to p\u0159ev\u00e1\u017en\u011b&nbsp;Opatrovnick\u00fdch a&nbsp;Darovac\u00edch&nbsp;smluv, p\u0159ed\u00e1v\u00e1n\u00ed ps\u016f, zobrazov\u00e1n\u00ed ps\u016f [&hellip;]<\/p>\n","protected":false},"author":3,"featured_media":0,"comment_status":"open","ping_status":"open","sticky":false,"template":"","format":"standard","meta":{"_acf_changed":false,"footnotes":""},"categories":[7],"tags":[],"class_list":["post-952","post","type-post","status-publish","format-standard","hentry","category-aktuality"],"acf":[],"_links":{"self":[{"href":"https:\/\/utulek.ostrava.cz\/index.php\/wp-json\/wp\/v2\/posts\/952","targetHints":{"allow":["GET"]}}],"collection":[{"href":"https:\/\/utulek.ostrava.cz\/index.php\/wp-json\/wp\/v2\/posts"}],"about":[{"href":"https:\/\/utulek.ostrava.cz\/index.php\/wp-json\/wp\/v2\/types\/post"}],"author":[{"embeddable":true,"href":"https:\/\/utulek.ostrava.cz\/index.php\/wp-json\/wp\/v2\/users\/3"}],"replies":[{"embeddable":true,"href":"https:\/\/utulek.ostrava.cz\/index.php\/wp-json\/wp\/v2\/comments?post=952"}],"version-history":[{"count":1,"href":"https:\/\/utulek.ostrava.cz\/index.php\/wp-json\/wp\/v2\/posts\/952\/revisions"}],"predecessor-version":[{"id":955,"href":"https:\/\/utulek.ostrava.cz\/index.php\/wp-json\/wp\/v2\/posts\/952\/revisions\/955"}],"wp:attachment":[{"href":"https:\/\/utulek.ostrava.cz\/index.php\/wp-json\/wp\/v2\/media?parent=952"}],"wp:term":[{"taxonomy":"category","embeddable":true,"href":"https:\/\/utulek.ostrava.cz\/index.php\/wp-json\/wp\/v2\/categories?post=952"},{"taxonomy":"post_tag","embeddable":true,"href":"https:\/\/utulek.ostrava.cz\/index.php\/wp-json\/wp\/v2\/tags?post=952"}],"curies":[{"name":"wp","href":"https:\/\/api.w.org\/{rel}","templated":true}]}}